{"id":24112,"date":"2012-11-10T02:21:35","date_gmt":"2012-11-10T02:21:35","guid":{"rendered":null},"modified":"-0001-11-30T00:00:00","modified_gmt":"-0001-11-30T00:00:00","slug":"the-president-of-la-rioja-reiterates-the-need-for-a-compensation-to-provide-healthcare-to-the-basques","status":"publish","type":"post","link":"https:\/\/www.best-dentist-dentistry.com\/de\/the-president-of-la-rioja-reiterates-the-need-for-a-compensation-to-provide-healthcare-to-the-basques\/24112","title":{"rendered":"Der Pr\u00e4sident La Rioja bekr\u00e4ftigt die Notwendigkeit f\u00fcr eine Entsch\u00e4digung der Basken Gesundheitsversorgung anzubieten"},"content":{"rendered":"<p class=\"first\"> HARO (LA RIOJA), 20 (EUROPA PRESS)<\/p>\n<p>der Pr\u00e4sident der Regierung von La Rioja, Pedro Sanz, heute Morgen bekr\u00e4ftigt hat die Notwendigkeit der &#8220;Entsch\u00e4digung&#8221;, die kommt von &#8220;Baskisch des Landes, der Regierung von Spanien, der Rioja ohne die weitere Dienste nicht bieten konnten nun&#8221; Gesundheit. und Gesundheitsdienstleistungen f\u00fcr die Basken sind &#8220;weit \u00fcberlegen&#8221;, dem Baskenland, La Rioja. bietet,<\/p>\n<p>Sanz hat diese Aussagen auf Fragen von Journalisten nach dem Treffen mit den B\u00fcrgermeistern von Haro. Cabe erinnerte daran, dass die Gesundheit Kontroverse vor einigen Monaten brach bei der Regierung von La Rioja nicht Patienten aus mehreren Gemeinden in Alava dienen mehr, regelm\u00e4\u00dfig ins Krankenhaus San Pedro de Logro\u00f1o gegeben ihre N\u00e4he kam.<\/p>\n<p>der Anf\u00fchrer der La Rioja Executive auch darauf hingewiesen, dass &#8220;es ein Vertrag mit Kastilien und Leon gibt, die B\u00fcrger von Soria und Burgos nach La Rioja kommen&#8221; und warum Rioja [in kleiner Zahl] &#8220;Gehe zu Kastilien-L\u00e9on].<\/p>\n<p>&#8220;<\/p>\n","protected":false},"excerpt":{"rendered":"<p>HARO (LA RIOJA), 20 (EUROPA PRESS) der Pr\u00e4sident der Regierung von La Rioja, Pedro Sanz, heute Morgen bekr\u00e4ftigt hat die Notwendigkeit der &#8220;Entsch\u00e4digung&#8221;, die kommt von &#8220;Baskisch des Landes, der Regierung von Spanien, der Rioja ohne die weitere Dienste nicht bieten konnten nun&#8221; Gesundheit. und Gesundheitsdienstleistungen f\u00fcr die Basken sind &#8220;weit \u00fcberlegen&#8221;, dem Baskenland, La [&hellip;]<\/p>\n","protected":false},"author":1,"featured_media":0,"comment_status":"close","ping_status":"open","sticky":false,"template":"","format":"standard","meta":{"footnotes":""},"categories":[3],"tags":[35172],"class_list":["post-24112","post","type-post","status-publish","format-standard","hentry","category-allgemeine","tag-jeste","et-doesnt-have-format-content","et_post_format-et-post-format-standard"],"_links":{"self":[{"href":"https:\/\/www.best-dentist-dentistry.com\/de\/wp-json\/wp\/v2\/posts\/24112","targetHints":{"allow":["GET"]}}],"collection":[{"href":"https:\/\/www.best-dentist-dentistry.com\/de\/wp-json\/wp\/v2\/posts"}],"about":[{"href":"https:\/\/www.best-dentist-dentistry.com\/de\/wp-json\/wp\/v2\/types\/post"}],"author":[{"embeddable":true,"href":"https:\/\/www.best-dentist-dentistry.com\/de\/wp-json\/wp\/v2\/users\/1"}],"replies":[{"embeddable":true,"href":"https:\/\/www.best-dentist-dentistry.com\/de\/wp-json\/wp\/v2\/comments?post=24112"}],"version-history":[{"count":0,"href":"https:\/\/www.best-dentist-dentistry.com\/de\/wp-json\/wp\/v2\/posts\/24112\/revisions"}],"wp:attachment":[{"href":"https:\/\/www.best-dentist-dentistry.com\/de\/wp-json\/wp\/v2\/media?parent=24112"}],"wp:term":[{"taxonomy":"category","embeddable":true,"href":"https:\/\/www.best-dentist-dentistry.com\/de\/wp-json\/wp\/v2\/categories?post=24112"},{"taxonomy":"post_tag","embeddable":true,"href":"https:\/\/www.best-dentist-dentistry.com\/de\/wp-json\/wp\/v2\/tags?post=24112"}],"curies":[{"name":"wp","href":"https:\/\/api.w.org\/{rel}","templated":true}]}}