{"id":24115,"date":"2012-11-10T02:21:55","date_gmt":"2012-11-10T02:21:55","guid":{"rendered":null},"modified":"-0001-11-30T00:00:00","modified_gmt":"-0001-11-30T00:00:00","slug":"uruguayan-government-asserts-that-without-doubt-many-more-are-victims-of-nurses","status":"publish","type":"post","link":"https:\/\/www.best-dentist-dentistry.com\/de\/uruguayan-government-asserts-that-without-doubt-many-more-are-victims-of-nurses\/24115","title":{"rendered":"Uruguayische Regierung behauptet, dass &#8220;ohne Zweifel&#8221; viele weitere Opfer von Krankenschwestern sind"},"content":{"rendered":"<p class=\"first\"> Montevideo, 20 mar (EFE).-the Minister of the Interior of Uruguay, Eduardo Bonomi, said today that the victims of two nurses prosecuted for the murder of patients in intensive care of Montevideo units are &#8220;without doubt&#8221; many more than the 16 that were initially discussed.<\/p>\n<p>&#8220;It is not an easy investigation&#8221;, &#8220;the work that is left to the judge is important&#8221; because it is believed that the criminal action of nurses &#8220;encompasses several years&#8221;, stated this Tuesday Bonomi at the station Radio Carve.<\/p>\n<p>&#8220;that has been discovered is with the medical histories and the death of people in a relatively short period of time,&#8221; said the Minister, before stating that it does not preclude the possibility of that crimes lingered to &rsquo; most of seven years &rsquo; ago.<\/p>\n<p>judicial sources today told Efe that although the Sonntag, w\u00e4hrend Verh\u00f6r gestand der Angeklagte f\u00fcnf und elf Morden jeweils, die zeigen ihnen Fotos, &#8220;in beiden F\u00e4llen die Krankenschwestern quittiert Konto verloren zu haben&#8221;.<\/p>\n<p>Quellen, dass Opfer gesch\u00e4tzt &#8220;mehrere Dutzend&#8221; hinzugef\u00fcgt &#8220;Noch keine genaue Zahl oder Zeitspanne haben wir&#8221; Sterblichen.<\/p>\n<p>wie die Ermittler der Polizei, der uruguayischen, Presse berichtet, die begonnen hatte, Berichte \u00fcber neue Verdachtsf\u00e4lle erhalten sie spekulieren mit eine Zahl gr\u00f6\u00dfer als 200 F\u00e4llen zwar vorerst nur Vermutungen.<\/p>\n<p>&#8220;Wir werden nicht reden \u00fcber die Zahl der F\u00e4lle oder Fristen Zeit bis wir alle Informationen haben, da dies ein Problem geworden ist zu empfindlich, nicht genau zu sein&#8221;, entschuldigt den Medien Kommissar Inspektor San Angel Rosas, Koordinator der Generaldirektion der organisierten Kriminalit\u00e4t und Interpol.<\/p>\n<p> &lt; p&gt; Genau auf einer dieser Versionen, auf eine der Schwestern zeigt gestand ein Patient pro Woche get\u00f6tet Bonomi Carve sagte, dass &#8220;kleinere Polizei eine Figur etwas&#8221; Obwohl es auch Escud\u00f3 um genau zu sein.<\/p>\n<p>der Minister erinnerte daran, dass &#8220;kl\u00e4ren ein Verbrechen seriell dieses Typs in einem entwickelten Land f\u00fchrte dreizehn oder 18 Jahre&#8221; und der uruguayische Fall begann im Januar, wenn anonymer Bestandteil der pers\u00f6nlichen Gesundheit. Beschwerde aufgetreten<\/p>\n<p>durch nachfolgende Untersuchungen der Krankenschwestern j. a., im Alter von 46, und M. p. g., im Alter von 39, Arbeitnehmer des Verbandes Spanisch, eine gegenseitige renommierten private Hospital Maciel, des Besitzes und des Landes, waren inhaftierte am vergangenen Freitag \u00d6ffentlichkeit.<\/p>\n<p>ein Bericht des Ministeriums f\u00fcr Gesundheit im Hospital Maciel durchgef\u00fchrt und played today by the newspaper El Pais says that the unit of cardiological care (CCU), where several of the deaths, were recorded were a sudden increase of the mortality rate during 2011.<\/p>\n<p>mortality rate ranged between 3% and 4% of average in the last five years, but last year soared to a 12%.<\/p>\n<p>next to the nurses, who are in prison, was processed by cover-up a nurse who knew one of them, although Justice ruled out for now an action coordinated.<\/p>\n<p>However, Bonomi spoke Tuesday on Radio Carve that there &#8220;was a sort of competition&#8221; between the criminals, but he also said then that &#8220;there are many things that are not clear&#8221; in the case.<\/p>\n<p>the motive for the crimes, according to its authors, was to &#8220;give calm&#8221; victims although that is another dark spot Zugegeben, der Minister, der im Prinzip m\u00f6gliche Zusammenh\u00e4nge zwischen dem M\u00f6rder und des Organhandels, weil die Opfer waren alle &#8220;Senioren&#8221; Mafia ausgeschlossen.<\/p>\n<p>der Minister der Gesundheit, Jorge Venegas, passend, bis zum Donnerstag vor dem Parlament, Erkl\u00e4rungen abzugeben, auf die vorhandenen Steuerelemente auf das Gesundheitswesen und in den n\u00e4chsten Stunden wird erwartet, dass den Richter im Fall Rolando Vomero, erscheinen verbreiten Anklage gegen die Beschuldigten, welche sicherlich neues Licht auf einen Prozess \u00fcbersandt werden, f\u00fcr die eine lange. EFE<\/p>\n","protected":false},"excerpt":{"rendered":"<p>Montevideo, 20 mar (EFE).-the Minister of the Interior of Uruguay, Eduardo Bonomi, said today that the victims of two nurses prosecuted for the murder of patients in intensive care of Montevideo units are &#8220;without doubt&#8221; many more than the 16 that were initially discussed. &#8220;It is not an easy investigation&#8221;, &#8220;the work that is left [&hellip;]<\/p>\n","protected":false},"author":1,"featured_media":0,"comment_status":"close","ping_status":"open","sticky":false,"template":"","format":"standard","meta":{"footnotes":""},"categories":[3],"tags":[35173],"class_list":["post-24115","post","type-post","status-publish","format-standard","hentry","category-allgemeine","tag-eintrge","et-doesnt-have-format-content","et_post_format-et-post-format-standard"],"_links":{"self":[{"href":"https:\/\/www.best-dentist-dentistry.com\/de\/wp-json\/wp\/v2\/posts\/24115","targetHints":{"allow":["GET"]}}],"collection":[{"href":"https:\/\/www.best-dentist-dentistry.com\/de\/wp-json\/wp\/v2\/posts"}],"about":[{"href":"https:\/\/www.best-dentist-dentistry.com\/de\/wp-json\/wp\/v2\/types\/post"}],"author":[{"embeddable":true,"href":"https:\/\/www.best-dentist-dentistry.com\/de\/wp-json\/wp\/v2\/users\/1"}],"replies":[{"embeddable":true,"href":"https:\/\/www.best-dentist-dentistry.com\/de\/wp-json\/wp\/v2\/comments?post=24115"}],"version-history":[{"count":0,"href":"https:\/\/www.best-dentist-dentistry.com\/de\/wp-json\/wp\/v2\/posts\/24115\/revisions"}],"wp:attachment":[{"href":"https:\/\/www.best-dentist-dentistry.com\/de\/wp-json\/wp\/v2\/media?parent=24115"}],"wp:term":[{"taxonomy":"category","embeddable":true,"href":"https:\/\/www.best-dentist-dentistry.com\/de\/wp-json\/wp\/v2\/categories?post=24115"},{"taxonomy":"post_tag","embeddable":true,"href":"https:\/\/www.best-dentist-dentistry.com\/de\/wp-json\/wp\/v2\/tags?post=24115"}],"curies":[{"name":"wp","href":"https:\/\/api.w.org\/{rel}","templated":true}]}}