{"id":24140,"date":"2012-11-10T02:24:26","date_gmt":"2012-11-10T02:24:26","guid":{"rendered":null},"modified":"-0001-11-30T00:00:00","modified_gmt":"-0001-11-30T00:00:00","slug":"the-psoe-wants-the-government-is-manifested-clearly-in-congress-on-whether-intends-to-adopt-the-health-care-co-payment","status":"publish","type":"post","link":"https:\/\/www.best-dentist-dentistry.com\/de\/the-psoe-wants-the-government-is-manifested-clearly-in-congress-on-whether-intends-to-adopt-the-health-care-co-payment\/24140","title":{"rendered":"Die PSOE will, was die Regierung verk\u00fcndet wird deutlich im Kongress dar\u00fcber, ob die Gesundheitsversorgung Selbstbeteiligung verabschieden will"},"content":{"rendered":"<p class=\"first\"> MADRID, 23 (EUROPA PRESS)<\/p>\n<p>El PSOE wollen die Regierung Manifeste deutlich vor der Plenarsitzung des Abgeordnetenkongress auf ob Sie annehmen m\u00f6chten oder nicht die Gesundheitsversorgung Selbstbeteiligung und dadurch wird ihr Sprecher auf die Gesundheit von Jose Martinez Olmos, ohne Gesetzescharakter Vorschlag am n\u00e4chsten Dienstag vor Beginn der Plenartagung des Unterhauses, die fragt, die verpflichtet sich und erkl\u00e4rt &#8220;ausdr\u00fccklich&#8221; verteidigen auf die Zahlung f\u00fcr die Verschreibung abgegeben in autonomen Gemeinschaften einf\u00fchren willst.<\/p>\n<p>in der Tat, der Sprecher der Sozialisten im Unterhaus, Soraya Rodr\u00edguez, vergangenen Dienstag in der Pressekonferenz nach dem Treffen der Sprecher, die Absicht der PSOE bei der Verteidigung dieser Initiative, vor der &#8220;Zeremonie der Verwirrung&#8221;, die nach seiner Auffassung von der Exekutive in den letzten Wochen gegen die Selbstbeteiligung f\u00fcr ausgestellt wurde, bereits angek\u00fcndigt Dienstleistungen Gesundheitswesen.<\/p>\n<p>er bezeichnet unter anderem die Enthaltung der PP in der katalanischen Parlament, bei der Abstimmung \u00fcber die Zahlung von 1 Euro f\u00fcr jede Verordnung verzichtet in der Gemeinschaft in der vergangenen Woche eine Ma\u00dfnahme, die schlie\u00dflich nach vorne kam f\u00fcr seine Umsetzung im Gange ab Juni, w\u00e4hrend Mariano Rajoy, der Pr\u00e4sident der Regierung, &#8220;sagte pers\u00f6nlich, dass er nicht der war&#8221; Vereinbarung&#8221;.<\/p>\n<p>, Ja, warnte der Chef sagte damals, das war er nicht f\u00fcr eine Erh\u00f6hung der Steuern und weniger Steuern vom Einkommen und &#8220;war die erste Ma\u00dfnahme, die Tat, als bereits davon ausgegangen, dass den Vorsitz der Regierung&#8221;, sagte er.<\/p>\n<p>au\u00dferdem gewarnt, dass einige autonomen Gemeinschaften unterliegen die PP-Pr\u00e4sidenten erkl\u00e4rt, sie zustimmen w\u00fcrden, mit der m\u00f6glichen Finanzierung des Gesundheitssystems durch die Co-Pay, andere &#8220;nicht eindeutig&#8221; implantar\u00edan in the event that there is an agreement, at the same time that other autonomous communities have claimed that now no. &#8220;what does not mean that a little bit later Yes&#8221;, pointed out Rodriguez.<\/p>\n<p>UNAUTHORIZE the co-payment in the autonomous communities.<\/p>\n<p>things, he asked, if the Prime Minister does not agree the co-pay, you have to do is disallow both chairpersons of autonomous communities of the PP who have spoken in favour of this initiative, as well as the PP catalan, so I do not support the imposition of measures from co-payment in this autonomous community, with its abstention or your support.<\/p>\n<p>after Andalusia and Asturias, elections being held this Sunday, Rodriguez denounced that the Government and the PP will adopt a battery of measures that will introduce the co-payment an den Health &#8220;die sie vorbereitet sind, nach den Wahlen auf den Tisch legen&#8221;, wurde geraten.<\/p>\n<p>&#8220;Warum fordern die Regierung Urteilsverk\u00fcndung klar und express, weil wir denken, dass die Finanzierung des \u00f6ffentlichen Gesundheitswesens \u00f6ffentlichen bleiben sollte, und Effizienz und Rationalisierung der Ausgaben viele Ma\u00dfnahmen ergriffen werden k\u00f6nnen und \u00fcbernehmen keine Doppelzahlung f\u00fcr die Benutzer dieses Dienstes,&#8221; bekr\u00e4ftigte.<\/p>\n","protected":false},"excerpt":{"rendered":"<p>MADRID, 23 (EUROPA PRESS) El PSOE wollen die Regierung Manifeste deutlich vor der Plenarsitzung des Abgeordnetenkongress auf ob Sie annehmen m\u00f6chten oder nicht die Gesundheitsversorgung Selbstbeteiligung und dadurch wird ihr Sprecher auf die Gesundheit von Jose Martinez Olmos, ohne Gesetzescharakter Vorschlag am n\u00e4chsten Dienstag vor Beginn der Plenartagung des Unterhauses, die fragt, die verpflichtet sich [&hellip;]<\/p>\n","protected":false},"author":1,"featured_media":0,"comment_status":"close","ping_status":"open","sticky":false,"template":"","format":"standard","meta":{"footnotes":""},"categories":[3],"tags":[35182,35183,35184],"class_list":["post-24140","post","type-post","status-publish","format-standard","hentry","category-allgemeine","tag-est","tag-deutlich","tag-verabschieden","et-doesnt-have-format-content","et_post_format-et-post-format-standard"],"_links":{"self":[{"href":"https:\/\/www.best-dentist-dentistry.com\/de\/wp-json\/wp\/v2\/posts\/24140","targetHints":{"allow":["GET"]}}],"collection":[{"href":"https:\/\/www.best-dentist-dentistry.com\/de\/wp-json\/wp\/v2\/posts"}],"about":[{"href":"https:\/\/www.best-dentist-dentistry.com\/de\/wp-json\/wp\/v2\/types\/post"}],"author":[{"embeddable":true,"href":"https:\/\/www.best-dentist-dentistry.com\/de\/wp-json\/wp\/v2\/users\/1"}],"replies":[{"embeddable":true,"href":"https:\/\/www.best-dentist-dentistry.com\/de\/wp-json\/wp\/v2\/comments?post=24140"}],"version-history":[{"count":0,"href":"https:\/\/www.best-dentist-dentistry.com\/de\/wp-json\/wp\/v2\/posts\/24140\/revisions"}],"wp:attachment":[{"href":"https:\/\/www.best-dentist-dentistry.com\/de\/wp-json\/wp\/v2\/media?parent=24140"}],"wp:term":[{"taxonomy":"category","embeddable":true,"href":"https:\/\/www.best-dentist-dentistry.com\/de\/wp-json\/wp\/v2\/categories?post=24140"},{"taxonomy":"post_tag","embeddable":true,"href":"https:\/\/www.best-dentist-dentistry.com\/de\/wp-json\/wp\/v2\/tags?post=24140"}],"curies":[{"name":"wp","href":"https:\/\/api.w.org\/{rel}","templated":true}]}}