{"id":24153,"date":"2012-11-10T02:25:58","date_gmt":"2012-11-10T02:25:58","guid":{"rendered":null},"modified":"-0001-11-30T00:00:00","modified_gmt":"-0001-11-30T00:00:00","slug":"cardoso-and-villepin-asked-that-environmental-issues-be-discussed-in-the-elections","status":"publish","type":"post","link":"https:\/\/www.best-dentist-dentistry.com\/de\/cardoso-and-villepin-asked-that-environmental-issues-be-discussed-in-the-elections\/24153","title":{"rendered":"Cardoso und Villepin gefordert, dass bei den Wahlen Umweltthemen diskutiert werden"},"content":{"rendered":"<p class=\"first\"> Manaus (Brasilien), 23 Mar (EFE).-ehemalige brasilianische Pr\u00e4sident Fernando Henrique Cardoso und der ehemalige franz\u00f6sische Premierminister Dominique de Villepin hat heute vorgeschlagen, dass Diskussionen \u00fcber Umwelt Wahlen Kampagnen einflie\u00dfen.<\/p>\n<p>Cardoso und Villepin sprach am zweiten Tag des dritten Global Forum f\u00fcr nachhaltige Entwicklung, die morgen im Amazonas in Manaus Stadt schlie\u00dfen wird<\/p>\n<p>&#8220;Jugend geht es um die Umweltfrage aber politischen Parteien sind nicht sehr interessiert ist, einen Wahlkampf, diese Angelegenheit zu bringen&#8221;, sagte Cardoso w\u00e4hrend seiner Intervention.<\/p>\n<p>laut Cardoso, regierte Brasilien f\u00fcr zwei Amtsperioden zwischen 1995 und 2002 in die Diskussion \u00fcber die Umweltfrage w\u00e4hrend Wahlen umsetzen Kampagnen &#8220;\u00fcbergibt eine Herausforderung-Moral&#8221;.<\/p>\n<p>&#8220;Wenn ich sage moralische ist politisch, weil wir nach dem Kyoto-Protokoll (1997 und seit 2005 in Kraft unterzeichneten) nicht auf die Bedeutung der Aufrechterhaltung des Amazonas-Regenwaldes zu Fu\u00df, die brasilianische Demokratie \u00fcberzeugen kann&#8221; erinnert, der Exgobernante und der Soziologe.<\/p>\n<p>Cardoso auch ehemalige US Pr\u00e4sident Bill Clinton, die &#8220;auch mehr wollte&#8221; hinsichtlich des Kyoto-Protokolls zum Klimawandel zitiert, &#8220;aber konnte nicht vorankommen in der Politik der Vereinigten Staaten&#8221;.<\/p>\n<p>&#8220;mit wird in Brasilien gibt alle Bedingungen so dass Fortschritt in dieser Angelegenheit,&#8221; sagte der Exmandatario.<\/p>\n<p>in die gleiche Richtung, Villepin bedauert, dass das Thema der nachhaltigen Entwicklung in den meisten Wahlen in Europa nicht gebracht wird<\/p>\n<p>&#8220;Auserw\u00e4hlten&#8221;s in Europa haben keine nachhaltigen Entwicklung in der Debatte war er nicht in Frankreich oder in Spanien und sie d\u00fcrfen keine haben es in Deutschland n\u00e4chstes Jahr&#8221;, unterstrichenen.<\/p>\n<p>f\u00fcr Villepin, der Premierminister zwischen 2005 und 2007 war, ist der beste Weg, um mehr Aufmerksamkeit auf die Frage der Umwelt geben Regierungen zwingen &#8220;\u00dcbung popul\u00e4r Druck auf die F\u00fchrung durch das Votum&#8221;. &lt; \/p &gt; <\/p>\n<p>bei Ihrer Konferenz Cardoso verwies auf die &#8220;Herausforderungen&#8221; f\u00fcr eine nachhaltige Entwicklung und erkl\u00e4rt, dass die wichtigsten von ihnen nach Brasilien der Amazonas ist.<\/p>\n<p>&#8220;Unser gr\u00f6\u00dfte Problem ist die Herausforderung der Umgang mit der Situation der W\u00e4lder, weil ich immer noch glaube, dass es m\u00f6glich ist, dass es auf der gleichen Zeit Entwicklung und Schutz der Umwelt, mit M\u00f6glichkeiten f\u00fcr Menschen leben zusammen mit den Wald, ohne Sie zu zerst\u00f6ren.&#8221;, sagte der ehemalige Pr\u00e4sident.<\/p>\n<p>Cardoso betrachtet das Thema als &#8220;dringend&#8221;, warnte aber, die &#8220;Dringlichkeit nicht im brasilianischen Leben ist und bekr\u00e4ftigt werden, nicht f\u00fcr morgen&#8221;.<\/p>\n<p>zwei Exgobernantes ausgedr\u00fcckt auch ihre Ansichten \u00fcber die globale Krise trifft vor allem Europa.<\/p>\n<p>Cardoso darauf hingewiesen, dass der Planeten, neue Technologien ben\u00f6tigen und die Ausgabe des &#8220;depressiven Zyklus&#8221; nur erreicht werden, mit einem &#8220;neuen Zyklus von Investitionen&#8221;, aber ohne sucht Wachstumsraten hoch, weil die wirtschaftlichen Fortschritt in der sozialen Errungenschaften. nicht &#8220;oft&#8221; wiedergegeben wird<\/p>\n<p>Cardoso, der in seiner Rede gegen den Bau ausgesprochen geschlossen &#8220;gr\u00fcne Wirtschaft kann ebnen den Weg f\u00fcr die Ausfahrt aus der Krise&#8221; das Wasserkraftwerk Belo Monte umstritten, im Herzen des Amazonas und das Angra III Kernkraftwerk, im Zustand von Rio De Janeiro.<\/p>\n<p>Villepin, unterdessen vorgeschlagen &#8220;verfolgen&#8221; den Prozess der &#8220;gr\u00fcnen Wirtschaft&#8221; L\u00e4nder, die USA und China, gezielte als gro\u00dfen Verschmutzer Umwelt- und in anderen L\u00e4ndern als ein gutes Beispiel in dieser Hinsicht, darunter Frankreich, Deutschland und Brasilien.<\/p>\n<p>franz\u00f6sischer Politiker verwies auch auf die UN-Konferenz Rio + Entwicklung Nachhaltige 20, die im Juni in Rio De Janeiro nach Vereinbarung, die stattfinden wird &#8220;Schwierigkeiten&#8221; inmitten einer starken finanziellen Krise gegen\u00fcberstellen.<\/p>\n<p>&#8220;Wir m\u00fcssen zu erreichen, um Aktionen, die unser Engagement bei der Rio + 20, materialisieren, weil wir ohne die Entscheidung, das Momentum nicht verlieren d\u00fcrfen&#8221;, sagte Villepin, f\u00fcr wen das Bruttoinlandsprodukt (BIP) als Faktor einer nachhaltigen Entwicklung die gr\u00fcne Wirtschaft, Gl\u00fcck und andere Indizes \u00fcbernehmen muss.<\/p>\n<p>&#8220;Menschheit kann einen Preis bezahlen sehr teuer, wenn Sie nicht die richtigen Entscheidungen zu treffen&#8221;, sagte er. Garc\u00eda Montoya Waldheim<\/p>\n<p>Manaus (Brasilien), 23 Mar (EFE).-ehemalige franz\u00f6sische Premierminister Dominique de Villepin heute vorgeschlagen, eine&#8221;realistische&#8221;Verringerung des Referats Welt der Kernkraft, das Weltforum der nachhaltigen Entwicklung einzugreifen.<\/p>\n<p>&#8220;In unserem Land, 75 % der Energie stammt aus Kernkraftwerken und gab nach der Katastrophe von Fukushima-Debatte wichtig&#8221;, trat im vergangenen Jahr als eine japanische Kernkraftwerk durch das Erdbeben vom 11. M\u00e4rz betroffen war, in diesem Land, Villepin Journalisten im Amazonas in Manaus Stadt erz\u00e4hlte<\/p>\n<p>nach Villepin, Fukushima-Unfall f\u00fchrte zu einer Debatte in Frankreich auf die nuklearen Energienutzung.<\/p>\n<p>&#8220;einige glauben, dass wir weiter verwenden, die Art der Energie und andere glauben, dass wir unsere Abh\u00e4ngigkeit, zun\u00e4chst von 75 Prozent auf 50 Prozent reduzieren m\u00fcssen&#8221;, sagte.<\/p>\n<p>Villepin darauf hingewiesen, dass eine solche K\u00fcrzung muss&#8221;realistisch&#8221;und den Fall Deutschlands, die eine Reduktion auf NULL, als Beispiel der Kernenergie zitiert ersetzen gr\u00fcn. vorgeschlagen<\/p>\n<p>&#8221; die Frage ist, wie diese \u00c4nderung in einem industrialisierten Land realistisch sein kann? ist nicht leicht, dieses Ziel zu erreichen, die kurzfristig &#8220;, CUestiono.<\/p>\n<p>Villepin der Auffassung, dass eine Verringerung der Abh\u00e4ngigkeit von der Kernenergie Prozess &#8220;braucht eine neue gr\u00fcne Wirtschaft&#8221;, &#8220;ein gr\u00f6\u00dferes Gleichgewicht zwischen Kernenergie, Strom und erneuerbare Energien&#8221; erlauben.<\/p>\n<p>&#8220;Das ist heute eines der wichtigsten Themen, globale Interessen in der Mitte eine langfristige finanzielle Krise und Probleme der moralischen und politischen, in Einklang zu bringen, da die Umgebung ist keine Frage, die nicht auf ein einzelnes Land beschr\u00e4nkt ist&#8221; sUbrayo.<\/p>\n<p>f\u00fcr den franz\u00f6sischen Politiker, wird ben\u00f6tigt, um &#8220;auf die individuellen Bed\u00fcrfnisse eines jeden Landes reagieren ohne die anderen, denn es gibt Schwierigkeiten, die sofort als Entwaldung und Wassermangel konfrontiert werden m\u00fcssen&#8221;. &lt; \/p &gt; p &#8220;muss akzeptieren Vielfalt und finden Tools, z. B. einen neuen Organismus der Vereinten Nationen f\u00fcr nachhaltige Entwicklung&#8221;, pUntualizo.<\/p>\n<p>des ehemaligen franz\u00f6sischen Ministers Dominique de Villepin. Villepin glaubt der beste Weg, um die Regierungen zu geben, die Frage der Umwelt mehr Aufmerksamkeit zu zwingen ist Druckmittel durch Abstimmung. WireImage \/<\/p>\n","protected":false},"excerpt":{"rendered":"<p>Manaus (Brasilien), 23 Mar (EFE).-ehemalige brasilianische Pr\u00e4sident Fernando Henrique Cardoso und der ehemalige franz\u00f6sische Premierminister Dominique de Villepin hat heute vorgeschlagen, dass Diskussionen \u00fcber Umwelt Wahlen Kampagnen einflie\u00dfen. Cardoso und Villepin sprach am zweiten Tag des dritten Global Forum f\u00fcr nachhaltige Entwicklung, die morgen im Amazonas in Manaus Stadt schlie\u00dfen wird &#8220;Jugend geht es um [&hellip;]<\/p>\n","protected":false},"author":1,"featured_media":0,"comment_status":"close","ping_status":"open","sticky":false,"template":"","format":"standard","meta":{"footnotes":""},"categories":[3],"tags":[35187],"class_list":["post-24153","post","type-post","status-publish","format-standard","hentry","category-allgemeine","tag-urkundlich","et-doesnt-have-format-content","et_post_format-et-post-format-standard"],"_links":{"self":[{"href":"https:\/\/www.best-dentist-dentistry.com\/de\/wp-json\/wp\/v2\/posts\/24153","targetHints":{"allow":["GET"]}}],"collection":[{"href":"https:\/\/www.best-dentist-dentistry.com\/de\/wp-json\/wp\/v2\/posts"}],"about":[{"href":"https:\/\/www.best-dentist-dentistry.com\/de\/wp-json\/wp\/v2\/types\/post"}],"author":[{"embeddable":true,"href":"https:\/\/www.best-dentist-dentistry.com\/de\/wp-json\/wp\/v2\/users\/1"}],"replies":[{"embeddable":true,"href":"https:\/\/www.best-dentist-dentistry.com\/de\/wp-json\/wp\/v2\/comments?post=24153"}],"version-history":[{"count":0,"href":"https:\/\/www.best-dentist-dentistry.com\/de\/wp-json\/wp\/v2\/posts\/24153\/revisions"}],"wp:attachment":[{"href":"https:\/\/www.best-dentist-dentistry.com\/de\/wp-json\/wp\/v2\/media?parent=24153"}],"wp:term":[{"taxonomy":"category","embeddable":true,"href":"https:\/\/www.best-dentist-dentistry.com\/de\/wp-json\/wp\/v2\/categories?post=24153"},{"taxonomy":"post_tag","embeddable":true,"href":"https:\/\/www.best-dentist-dentistry.com\/de\/wp-json\/wp\/v2\/tags?post=24153"}],"curies":[{"name":"wp","href":"https:\/\/api.w.org\/{rel}","templated":true}]}}