{"id":24154,"date":"2012-11-10T02:26:03","date_gmt":"2012-11-10T02:26:03","guid":{"rendered":null},"modified":"-0001-11-30T00:00:00","modified_gmt":"-0001-11-30T00:00:00","slug":"de-villepin-proposes-reducing-global-dependence-on-nuclear-energy","status":"publish","type":"post","link":"https:\/\/www.best-dentist-dentistry.com\/de\/de-villepin-proposes-reducing-global-dependence-on-nuclear-energy\/24154","title":{"rendered":"De Villepin schl\u00e4gt damit globale Abh\u00e4ngigkeit der Kernenergie"},"content":{"rendered":"<p class=\"first\"> Manaus (Brasilien), 23 Mar (EFE).-ehemalige franz\u00f6sische Premierminister Dominique de Villepin heute vorgeschlagen, eine &#8220;realistische&#8221; Verringerung des Referats Welt der Kernkraft, das Weltforum der nachhaltigen Entwicklung einzugreifen.<\/p>\n<p>&#8220;In unserem Land, 75 % der Energie stammt aus Kernkraftwerken und gab nach der Katastrophe von Fukushima-Debatte wichtig&#8221;, trat im vergangenen Jahr als eine japanische Kernkraftwerk durch das Erdbeben vom 11. M\u00e4rz betroffen war, in diesem Land, Villepin Journalisten im Amazonas in Manaus Stadt erz\u00e4hlte<\/p>\n<p>nach Villepin, Fukushima-Unfall f\u00fchrte zu einer Debatte in Frankreich auf die nuklearen Energienutzung.<\/p>\n<p>&#8220;einige glauben, dass wir sollten weiterhin diese Art von Energie zu nutzen und andere glauben, dass wir unsere Abh\u00e4ngigkeit, Ini reduziert werden soll&#8221;ziell, f\u00fcr 75 Prozent bis zu 50 Prozent &#8220;, sagte.<\/p>\n<p>Villepin darauf hingewiesen, dass eine solche K\u00fcrzung muss&#8221;realistisch&#8221;und den Fall Deutschlands, die eine Reduktion auf NULL, als Beispiel der Kernenergie zitiert ersetzen gr\u00fcn. vorgeschlagen<\/p>\n<p>&#8221; die Frage ist, wie diese \u00c4nderung in einem industrialisierten Land realistisch sein kann? ist nicht leicht, dieses Ziel zu erreichen, die kurzfristig &#8220;, CUestiono.<\/p>\n<p>Villepin der Auffassung, dass eine Verringerung der Abh\u00e4ngigkeit von der Kernenergie Prozess &#8220;braucht eine neue gr\u00fcne Wirtschaft&#8221;, &#8220;ein gr\u00f6\u00dferes Gleichgewicht zwischen Kernenergie, Strom und erneuerbare Energien&#8221; erlauben.<\/p>\n<p>&#8220;Das ist heute eines der wichtigsten Themen, globale Interessen in der Mitte eine langfristige finanzielle Krise und Probleme der moralischen und politischen, in Einklang zu bringen, da die Umgebung ist keine Frage, die nicht auf ein einzelnes Land beschr\u00e4nkt ist&#8221; sUbrayo.<\/p>\n<p>f\u00fcr den franz\u00f6sischen Politiker, wird ben\u00f6tigt, um &#8220;auf die individuellen Bed\u00fcrfnisse eines jeden Landes reagieren ohne die anderen, denn es gibt Schwierigkeiten, die sofort als Entwaldung und Wassermangel konfrontiert werden m\u00fcssen&#8221;. &lt; \/p &gt; p &#8220;muss akzeptieren Vielfalt und finden Tools, z. B. einen neuen Organismus der Vereinten Nationen f\u00fcr nachhaltige Entwicklung&#8221;, pUntualizo.<\/p>\n<p>des ehemaligen franz\u00f6sischen Ministers Dominique de Villepin gewarnt, dass eine solche K\u00fcrzung &#8220;realistisch&#8221; sein muss und im Fall von Deutschland, das eine Reduktion auf NULL, als Beispiel f\u00fcr den Ersatz der Kernenergie durch gr\u00fcne Energien schl\u00e4gt zitiert. WireImage \/<\/p>\n","protected":false},"excerpt":{"rendered":"<p>Manaus (Brasilien), 23 Mar (EFE).-ehemalige franz\u00f6sische Premierminister Dominique de Villepin heute vorgeschlagen, eine &#8220;realistische&#8221; Verringerung des Referats Welt der Kernkraft, das Weltforum der nachhaltigen Entwicklung einzugreifen. &#8220;In unserem Land, 75 % der Energie stammt aus Kernkraftwerken und gab nach der Katastrophe von Fukushima-Debatte wichtig&#8221;, trat im vergangenen Jahr als eine japanische Kernkraftwerk durch das Erdbeben [&hellip;]<\/p>\n","protected":false},"author":1,"featured_media":0,"comment_status":"close","ping_status":"open","sticky":false,"template":"","format":"standard","meta":{"footnotes":""},"categories":[3],"tags":[35187],"class_list":["post-24154","post","type-post","status-publish","format-standard","hentry","category-allgemeine","tag-urkundlich","et-doesnt-have-format-content","et_post_format-et-post-format-standard"],"_links":{"self":[{"href":"https:\/\/www.best-dentist-dentistry.com\/de\/wp-json\/wp\/v2\/posts\/24154","targetHints":{"allow":["GET"]}}],"collection":[{"href":"https:\/\/www.best-dentist-dentistry.com\/de\/wp-json\/wp\/v2\/posts"}],"about":[{"href":"https:\/\/www.best-dentist-dentistry.com\/de\/wp-json\/wp\/v2\/types\/post"}],"author":[{"embeddable":true,"href":"https:\/\/www.best-dentist-dentistry.com\/de\/wp-json\/wp\/v2\/users\/1"}],"replies":[{"embeddable":true,"href":"https:\/\/www.best-dentist-dentistry.com\/de\/wp-json\/wp\/v2\/comments?post=24154"}],"version-history":[{"count":0,"href":"https:\/\/www.best-dentist-dentistry.com\/de\/wp-json\/wp\/v2\/posts\/24154\/revisions"}],"wp:attachment":[{"href":"https:\/\/www.best-dentist-dentistry.com\/de\/wp-json\/wp\/v2\/media?parent=24154"}],"wp:term":[{"taxonomy":"category","embeddable":true,"href":"https:\/\/www.best-dentist-dentistry.com\/de\/wp-json\/wp\/v2\/categories?post=24154"},{"taxonomy":"post_tag","embeddable":true,"href":"https:\/\/www.best-dentist-dentistry.com\/de\/wp-json\/wp\/v2\/tags?post=24154"}],"curies":[{"name":"wp","href":"https:\/\/api.w.org\/{rel}","templated":true}]}}