{"id":24166,"date":"2012-11-10T02:27:16","date_gmt":"2012-11-10T02:27:16","guid":{"rendered":null},"modified":"-0001-11-30T00:00:00","modified_gmt":"-0001-11-30T00:00:00","slug":"pope-seeks-to-deepen-faith-and-changes-in-socialist-cuba","status":"publish","type":"post","link":"https:\/\/www.best-dentist-dentistry.com\/de\/pope-seeks-to-deepen-faith-and-changes-in-socialist-cuba\/24166","title":{"rendered":"Papst soll glauben und \u00c4nderungen im sozialistischen Kuba zu vertiefen."},"content":{"rendered":"<p class=\"first\"> SANTIAGO DE CUBA (Reuters) &#8211; Papst Benedikt XVI wird am Montag nach Kuba f\u00fcr einen dreit\u00e4gigen Besuch,, mit Pr\u00e4sident Raul Castro zur St\u00e4rkung der Verbindungen zwischen den beiden einflussreichsten Institutionen des Landes erf\u00fcllen wird, trotz seiner Ansichten, die sich gegen die sozialistische Modell vorhandene auf der Insel f\u00fcr mehr als f\u00fcnf Jahrzehnten. kommen<\/p>\n<p>Zehntausende Kubaner sind eingeschrieben in Santiago De Cuba, bietet einen freudigen Empfang f\u00fcr den deutschen Pontifex,, die in seinen 84 Jahren eine kleine Tour der Region zur Wiederbelebung des katholischen Glaubens gegen die wachsende Push beliebte Glaubensrichtungen protestantischen Evangelisten und Pfingstler begonnen.<\/p>\n<p>der katholischen Kirche geworden seit der historischen Treffen zwischen den sp\u00e4ten Juan Pablo II und ehemaliger Pr\u00e4sident Fidel Castro im Jahr 1998 die wichtigsten Partner der Regierung in Sachen als empfindlich als politische Gefangene und Dissidenten Gruppen.<\/p>\n<p>obwohl mit weniger Magnetismus-Medien, die ihre jeweiligen Vorg\u00e4nger Ra\u00fal Castro und Benedicto XVI sind als pragmatischer F\u00fchrer gesehen und konnte die Begegnung Zement ein Schl\u00fcssel Alliance Wenn Havanna Unterst\u00fctzung die Wirtschaft sucht ohne Verzicht auf seine sozialistischen idealen und der Kirche zu aktualisieren versucht haben ein gr\u00f6\u00dferes soziales Gewicht durch soziale Programme und Bildung.<\/p>\n<p>&#8220;der Besuch von Benedikt werden etwas Bedeutsames,&#8221; dIJO Ver\u00f3nica S\u00e1nchez, mexikanischer Student Wer war nicht die Handlungen in seinem Land teilnehmen aber das Gef\u00fchl, dass in Kuba den Aufenthalt des Papstes. &#8220;eigentlich Juan Pablo II war ein Papst sehr charismatisch und beliebt, obwohl ich nicht Vergleiche gerne&#8221;, said.<\/p>\n<p>the Holy Father will be received by the President at the airport in Santiago, after completing a visit that called for a renewed faith despite the dramatic violence of drug trafficking, but avoided entering the controversial cases of paedophilia in the second country with more Catholics in the world. in Mexico<\/p>\n<p>Apertrechados with bottles of water to quell the stifling Caribbean heat and waving small flags of Cuba and the Vatican, some 200,000 people attend afternoon mass that will serve the Supreme Pontiff in the second largest city of the island.<\/p>\n<p>for Tuesday, the Pope will pay tribute to the Virgen de la Caridad in the nearby sanctuary of El Cobre, where rests the mythical image of the Cuban Patron Saint that celebrates 400 years of its discovery by fishermen in the sea. in the afternoon will fly to Havana to meet formally with Raul.<\/p>\n<p>not unklar ist, ob auch Benedicto erf\u00fcllen wird, mit Fidel von 85 Jahren oder venezolanischen Pr\u00e4sidenten Hugo Ch\u00e1vez, der ist in Kuba in der Strahlentherapie zur Bek\u00e4mpfung von Krebs, die diagnostiziert wurde mit dem Jahr Vergangenheit.<\/p>\n<p>NI NI Kommunismus aber<\/p>\n<p>den Besuch von Papst Benedict XVI Krone ein s\u00fc\u00dfer Moment zwischen der Kirche und der Regierung, die durch Jahrzehnte der Feindseligkeiten nach dem Triumph der Revolution 1959 gelebt, obwohl vorher einer Front gegen den Kommunismus-Anweisung steht<\/p>\n<p>&#8220;marxistische Ideologie in der Form, in dem es bereits konzipiert wurde, entspricht nicht zur Realit\u00e4t&#8221;, dIJO Woche an Bord der P\u00e4pstlichen Maschine auf dem Weg zur &#8220;sollte Lateinamerika. neue Modelle mit Geduld und in konstruktiver Weise gefunden werden&#8221;, hinzugef\u00fcgt den Papst, der behauptet, dass die Kirche in dieser Weise. kann<\/p>\n<p>die Regierung f\u00f6rdert Hunderte von Reformen zu geben mehr Raum f\u00fcr privates Unternehmertum und erheblich erleichtern die pralle Abrechnung Zustand, was generiert hat, Erwartungen und \u00c4ngste im Land der 11 Millionen Einwohner daran gew\u00f6hnt, jahrzehntelange Wirtschaftsstil Zentralismus Sowjet.<\/p>\n<p>&#8220;Kubaner m\u00f6chten wir den Papstbesuch h\u00e4tte Folgen f\u00fcr die Beendigung der Blockade, aber ein neues System, brauchen wir nicht&#8221;, sagte Sergio Teyes, ein Mann von 40 Jahren um seine Chevrolet Deluxe 1950 in denen in der Regel tragen Touristen zu Fu\u00df durch die Stadt.<\/p>\n<p>trotz Kritik des Kommunismus, der Vatikan lehnt auch offen die Embargos durch die Vereinigten Staaten gegen Kuba macht 50 Jahre.<\/p>\n<p>auf der anderen Seite Benedicto XVI haben auf ihrer Tagesordnung erh\u00e4lt keine Dissidenten Staats-und Regierungschefs, die angefordert hatte, eine Minute mit dem Papst zu stellen f\u00fcr gr\u00f6\u00dfere politische Freiheit und Achtung der Rechte Menschen.<\/p>\n<p>die Damen in wei\u00df, eine Gruppe von katholischen Frauen fordern die Freilassung von politischen Gefangenen, sagen, dass Beh\u00f6rden dem Heiligen Vater ein Kuba zeigen werden &#8220;die ist nicht vorhanden&#8221; und stellen Sie sicher, dass sie ihnen, Manifest selbst w\u00e4hrend der Messe der Pontifex.<\/p>\n<p> verboten haben <\/p>\n<p>&#8220;Ich wartete auf mehreren Gef\u00e4hrten in das Zentrum von Santiago aber nie angekommen. offenbar gestoppt, um den Protest zu vereiteln, die wir, f\u00fcr den Besuch des Papstes hier geplant hatten,&#8221; sagte Aime\u00e9 Garc\u00e9s, ein Dissident in Santiago, dessen Forderung nicht werden, von anderen Quellen best\u00e4tigt konnte.<\/p>\n<p>einige 30 Frauen in dieser Gruppe zeigte Sonntag, wie jede Woche auf einen bekannten Avenue von Havanna in der Mitte ein gro\u00dfes Medienecho, acht Jahre nach der Festnahme von mehreren Sie wund \u00c4ngste des Konflikts w\u00e4hrend der P\u00e4pstlichen Besuch letzte Woche ging.<\/p>\n<p>(herausgegeben von Enrique Andres Pretel und Silene Ramirez)<\/p>\n","protected":false},"excerpt":{"rendered":"<p>SANTIAGO DE CUBA (Reuters) &#8211; Papst Benedikt XVI wird am Montag nach Kuba f\u00fcr einen dreit\u00e4gigen Besuch,, mit Pr\u00e4sident Raul Castro zur St\u00e4rkung der Verbindungen zwischen den beiden einflussreichsten Institutionen des Landes erf\u00fcllen wird, trotz seiner Ansichten, die sich gegen die sozialistische Modell vorhandene auf der Insel f\u00fcr mehr als f\u00fcnf Jahrzehnten. kommen Zehntausende Kubaner [&hellip;]<\/p>\n","protected":false},"author":1,"featured_media":0,"comment_status":"close","ping_status":"open","sticky":false,"template":"","format":"standard","meta":{"footnotes":""},"categories":[3],"tags":[35192],"class_list":["post-24166","post","type-post","status-publish","format-standard","hentry","category-allgemeine","tag-gesundheit-termin","et-doesnt-have-format-content","et_post_format-et-post-format-standard"],"_links":{"self":[{"href":"https:\/\/www.best-dentist-dentistry.com\/de\/wp-json\/wp\/v2\/posts\/24166","targetHints":{"allow":["GET"]}}],"collection":[{"href":"https:\/\/www.best-dentist-dentistry.com\/de\/wp-json\/wp\/v2\/posts"}],"about":[{"href":"https:\/\/www.best-dentist-dentistry.com\/de\/wp-json\/wp\/v2\/types\/post"}],"author":[{"embeddable":true,"href":"https:\/\/www.best-dentist-dentistry.com\/de\/wp-json\/wp\/v2\/users\/1"}],"replies":[{"embeddable":true,"href":"https:\/\/www.best-dentist-dentistry.com\/de\/wp-json\/wp\/v2\/comments?post=24166"}],"version-history":[{"count":0,"href":"https:\/\/www.best-dentist-dentistry.com\/de\/wp-json\/wp\/v2\/posts\/24166\/revisions"}],"wp:attachment":[{"href":"https:\/\/www.best-dentist-dentistry.com\/de\/wp-json\/wp\/v2\/media?parent=24166"}],"wp:term":[{"taxonomy":"category","embeddable":true,"href":"https:\/\/www.best-dentist-dentistry.com\/de\/wp-json\/wp\/v2\/categories?post=24166"},{"taxonomy":"post_tag","embeddable":true,"href":"https:\/\/www.best-dentist-dentistry.com\/de\/wp-json\/wp\/v2\/tags?post=24166"}],"curies":[{"name":"wp","href":"https:\/\/api.w.org\/{rel}","templated":true}]}}