{"id":24176,"date":"2012-11-10T02:28:11","date_gmt":"2012-11-10T02:28:11","guid":{"rendered":null},"modified":"-0001-11-30T00:00:00","modified_gmt":"-0001-11-30T00:00:00","slug":"a-new-healthcare-consultation-will-teach-to-treat-the-affected-35000-of-respiratory-diseases","status":"publish","type":"post","link":"https:\/\/www.best-dentist-dentistry.com\/de\/a-new-healthcare-consultation-will-teach-to-treat-the-affected-35000-of-respiratory-diseases\/24176","title":{"rendered":"a new healthcare consultation will teach to treat the affected 35000 of respiratory diseases"},"content":{"rendered":"<p class=\"first\"> <span class=\"yshortcuts\" id=\"lw_1332854414_0\"> VALENCIA<\/span>, 27 (<span class=\"yshortcuts\" id=\"lw_1332854414_1\"> EUROPA PRESS<\/span>)<\/p>\n<p>die 35.000 von <span class=\"yshortcuts\" id=\"lw_1332854414_2\"> Atemwegserkrankungen<\/span> Valencia betroffen haben eine neue Abfrage zeigen <span class=\"yshortcuts\" id=\"lw_1332854414_3\"> Orange<\/span>, in dem sie \u00fcber ihre <span class=\"yshortcuts\" id=\"lw_1332854414_4\"> Pathologie<\/span> unterrichtet, sie lernen, um Ihre Behandlung zu verbessern und l\u00f6sen sie technische <span class=\"yshortcuts\" id=\"lw_1332854414_5\"> Zweifel<\/span> \u00fcber die <span class=\"yshortcuts\" id=\"lw_1332854414_6\"> Sauerstofftherapie<\/span>-Ger\u00e4te installiert in ihren H\u00e4usern.<\/p>\n<p>des Ministers f\u00fcr <span class=\"yshortcuts\" id=\"lw_1332854414_7\"> Gesundheit<\/span>, <span class=\"yshortcuts\" id=\"lw_1332854414_8\"> Luis Rosado<\/span>, begleitet von der Stadtr\u00e4tin f\u00fcr Gesundheit, Lourdes Bernal und dem Generaldirektor der VitalAire auf der Iberischen Halbinsel, Philippe Lecerf, am Dienstag dieser Abfrage ge\u00f6ffnet haben die Patienten aus Krankenh\u00e4usern im Glauben dienen dem Kliniker, der Peset, der General, der Arnau und Manises.<\/p>\n<p>Rosa hat erkl\u00e4rt, dass dieses Zentrum befindet sich in der ehemaligen K\u00f6nigreich Valencia Allee, versuchen, Menschen mit einer chronischen Atemwegserkrankungen erfordern &#8220;der Knechtschaft der Form gehalten in all ihren Formen einer Sauerstofftherapie&#8221; und musst du haben &#8220;eine regelm\u00e4\u00dfige Inspektion der Behandlung erhalten sie, sowie umfassende Informationen wie es regelm\u00e4\u00dfig eigene Behandlung&#8221;.<\/p>\n<p>insbesondere Krankheiten Atemwege, dass in dieser Klinik von Physiotherapeuten behandelt werden und Krankenschwestern Apnoe des Traumes, die chronisch obstruktive Lungenerkrankung (COPD), Mukoviszidose, sowie Pathologien restriktive zwischen anderen Behandlungen angeboten VitalAire Patienten mit Atemwegserkrankungen sind Oxygenotherapie, Aerosoltherapy, Handhabung Sekrete, L\u00fcftung und \u00dcberwachung.<\/p>\n<p>Abfrage ist in drei Bereiche unterteilt: eine Konsultation zur Behandlung von Schlaf, Abfrage-Unterst\u00fctzung f\u00fcr die Anpassung des Sauerstoffes der Gehf\u00e4higkeit und einen Tagungsraum f\u00fcr die Ausbildung bei Atemwegserkrankungen Patienten W\u00e4chter Therapien, in denen zum Beispiel interessieren, wenn sie f\u00fchlen, Beschwerden der Atemwege bei einem Bett mit \u00fcberwinden gelehrt.<\/p>\n<p>Rosado hat betont, dass es eine Ma\u00dfnahme zur ist Patienten sind &#8220;Verwalter der eigenen Krankheiten&#8221; und &#8220;wissen, wie man sich selbst helfen&#8221;. werden auch mit der Pulmonologists aus der Region Valencia Agentur der Gesundheit (AVS).<\/p>\n<p>so der Direktor der VitalAire, Philippe Lecerf, hat darauf hingewiesen, dass dieses Zentrum soll &#8220;des Patienten zu sch\u00fctzen und zu verhindern m\u00f6gliche akute Episoden oder potenziellen Einnahmen&#8221;, &#8220;Was bedeutet effizient verwalten und machen das Gesundheitssystem mehr nachhaltige Dank zur Verringerung der Hospitalisierungen&#8221;.<\/p>\n<p>Rosado hat darauf hingewiesen, dass diese Klinik geh\u00f6rt das aktuelle Konzert, das bei der Behandlung von Sauerstoff in der Provinz Valencia mit VitalAire, vorhanden ist, w\u00e4hrend in Castell\u00f3n und Alicante Konzert andere kommerzielle H\u00e4user gew\u00e4hrt wird. <\/p>\n","protected":false},"excerpt":{"rendered":"<p>VALENCIA, 27 ( EUROPA PRESS) die 35.000 von Atemwegserkrankungen Valencia betroffen haben eine neue Abfrage zeigen Orange, in dem sie \u00fcber ihre Pathologie unterrichtet, sie lernen, um Ihre Behandlung zu verbessern und l\u00f6sen sie technische Zweifel \u00fcber die Sauerstofftherapie-Ger\u00e4te installiert in ihren H\u00e4usern. des Ministers f\u00fcr Gesundheit, Luis Rosado, begleitet von der Stadtr\u00e4tin f\u00fcr Gesundheit, [&hellip;]<\/p>\n","protected":false},"author":1,"featured_media":0,"comment_status":"close","ping_status":"open","sticky":false,"template":"","format":"standard","meta":{"footnotes":""},"categories":[3],"tags":[35196],"class_list":["post-24176","post","type-post","status-publish","format-standard","hentry","category-allgemeine","tag-ziffer","et-doesnt-have-format-content","et_post_format-et-post-format-standard"],"_links":{"self":[{"href":"https:\/\/www.best-dentist-dentistry.com\/de\/wp-json\/wp\/v2\/posts\/24176","targetHints":{"allow":["GET"]}}],"collection":[{"href":"https:\/\/www.best-dentist-dentistry.com\/de\/wp-json\/wp\/v2\/posts"}],"about":[{"href":"https:\/\/www.best-dentist-dentistry.com\/de\/wp-json\/wp\/v2\/types\/post"}],"author":[{"embeddable":true,"href":"https:\/\/www.best-dentist-dentistry.com\/de\/wp-json\/wp\/v2\/users\/1"}],"replies":[{"embeddable":true,"href":"https:\/\/www.best-dentist-dentistry.com\/de\/wp-json\/wp\/v2\/comments?post=24176"}],"version-history":[{"count":0,"href":"https:\/\/www.best-dentist-dentistry.com\/de\/wp-json\/wp\/v2\/posts\/24176\/revisions"}],"wp:attachment":[{"href":"https:\/\/www.best-dentist-dentistry.com\/de\/wp-json\/wp\/v2\/media?parent=24176"}],"wp:term":[{"taxonomy":"category","embeddable":true,"href":"https:\/\/www.best-dentist-dentistry.com\/de\/wp-json\/wp\/v2\/categories?post=24176"},{"taxonomy":"post_tag","embeddable":true,"href":"https:\/\/www.best-dentist-dentistry.com\/de\/wp-json\/wp\/v2\/tags?post=24176"}],"curies":[{"name":"wp","href":"https:\/\/api.w.org\/{rel}","templated":true}]}}