{"id":24183,"date":"2012-11-10T02:29:02","date_gmt":"2012-11-10T02:29:02","guid":{"rendered":null},"modified":"-0001-11-30T00:00:00","modified_gmt":"-0001-11-30T00:00:00","slug":"idis-moved-to-ana-mato-after-easter-his-proposal-for-tax-relief-for-private-insurance","status":"publish","type":"post","link":"https:\/\/www.best-dentist-dentistry.com\/de\/idis-moved-to-ana-mato-after-easter-his-proposal-for-tax-relief-for-private-insurance\/24183","title":{"rendered":"IDIS zog nach Ana Mato &#8220;nach Ostern&#8221; seinen Vorschlag f\u00fcr Steuererleichterungen f\u00fcr private Versicherungen"},"content":{"rendered":"<p class=\"first\"> <span class=\"yshortcuts\" id=\"lw_1332942274_0\"> MADRID<\/span>, 28 (<span class=\"yshortcuts\" id=\"lw_1332942274_1\"> EUROPA PRESS<\/span>)<\/p>\n<p>Treffen der <span class=\"yshortcuts\" id=\"lw_1332942274_2\"> Minister<\/span> f\u00fcr <span class=\"yshortcuts\" id=\"lw_1332942274_3\"> Gesundheit<\/span>, <span class=\"yshortcuts\" id=\"lw_1332942274_4\"> Soziales<\/span> und <span class=\"yshortcuts\" id=\"lw_1332942274_5\"> Gleichstellung<\/span>, <span class=\"yshortcuts\" id=\"lw_1332942274_6\"> Ana Mato<\/span>, &#8220;nach dem Heiligen <span class=\"yshortcuts\"id=\"lw_1332942274_7\"> Woche<\/span>&#8221; Manager des <span class=\"yshortcuts\" id=\"lw_1332942274_8\"> Instituts<\/span> f\u00fcr die Entwicklung und Integration von Gesundheit (IDIS), nahm die Gelegenheit, um seinen Vorschlag, eine Steuererleichterung f\u00fcr Private in Spanien. Versicherung gelten anzusprechen Vorteil<\/p>\n<p>Diese war der Generalsekret\u00e4r IDIS, Juan Abarca, teilte am Mittwoch bei der Vorstellung des Berichts &#39;Private Gesundheitsversorgung, Value. Analyse der Situation 2012 &#39;, welche updates die Daten f\u00fcr die private Gesundheitsversorgung in Spanien, das zweite europ\u00e4ische Land, wo mehr in Gesundheit investiert ist, Private.<\/p>\n<p>nach Abarca, &#8220;privaten Gesundheitssektor tr\u00e4gt zur Entlastung und speichern das \u00f6ffentliche System&#8221;, weil &#8220;entlastet die \u00f6ffentliche Gesundheit durch private Krankenh\u00e4user, die um 1 % hoch, ein Anstieg von chirurgischen Eingriffen die Dringlichkeiten von 5,2 % gegen\u00fcber 2008 und 2,5 % im Jahr 2009 nahm ausge\u00fcbten T\u00e4tigkeit&#8221;, d&#8221;Ice<\/p>\n<p>auch davon ausgegangen, wie sie zu Mato, erkl\u00e4ren&#8221; Einsparungen &#8220;f\u00fcr das \u00f6ffentliche spanische Gesundheitssystem, weil dem Muster der Krankenversicherung in Spanien (doppelte Versicherung), 7 Millionen Versicherten mit privaten Richtlinien benutzen weniger oder gar nicht der Public Health, was eine versteckte zur Gew\u00e4hrung \u00f6ffentlicher System betrachtet werden k\u00f6nnen&#8221;, eXplica.<\/p>\n<p>, sagt der Generalsekret\u00e4r der IDIS, die jeder Benutzer einer privaten Krankenversicherung eine j\u00e4hrliche Einsparung an das \u00f6ffentliche System in der N\u00e4he von 1.500 Euro. dieser Beitrag von Nutzern, die als eine Art &#8220;freiwillige Praxisgeb\u00fchr&#8221; betrachtet werden kann generiert, sEnala, w\u00fcrden verst\u00e4rkt werden, wenn die Regierung die steuerlichen Abzug abgeleitet Qualit\u00e4tssicherung Gesundheitsausgaben implementieren w\u00fcrde Private.<\/p>\n<p>f\u00fcr Abarca, &#8220;Wenn diese Ma\u00dfnahme umgesetzt werden soll, die Anzahl der versicherten Personen erh\u00f6hen k\u00f6nnte ist um 15 Prozent, welche Midiet im Anschluss an das \u00f6ffentliche System Ausgaben und Nutzung von Ressourcen, ohne die Rechte der Patienten zu verringern&#8221;.<\/p>\n<p>IDIS erwartet jedoch, dass die Zahl der Personen, die private Krankenversicherung mieten, weiter steigen, da es bereits getan hat, um 0,6 Prozent zwischen dem dritten Quartal 2010 und der dritte im Jahr 2011 gehen von 8,78 Millionen Versicherten.,<\/p>\n<p>einer der Gr\u00fcnde, so erwarten, diese erh\u00f6hen Verlobung ist &#8220;Angst die Schnitte&#8221; erwartet im Gesundheitswesen, so der Vorsitzende von der IDIS, I\u00f1aki Ere\u00f1o, wer Er glaubt, dass der B\u00fcrger gegen die m\u00f6gliche Beschr\u00e4nkung der Nutzen f\u00fcr die \u00f6ffentliche Gesundheit, wollen &rsquo;die R\u00fccken decken&rsquo;.<\/p>\n<p>IDIS geht inzwischen weiter mit der Kampagne, die im Dezember zu beantragen, die Unterst\u00fctzung von Einzelpersonen, Institutionen und Firmen f\u00fcr ihren Vorschlag, die ein Steuerabzug an private Inhaber gelten gestartet. Bisher haben einige 50.000 Unterschriften &#8211; 31,700 individuellen und kollektiven 20.000 &#8211; \u00fcber das Web erreicht &#39; http:\/\/www.desgravacionfiscalsanitaria.org &#39;. <\/p>\n","protected":false},"excerpt":{"rendered":"<p>MADRID, 28 ( EUROPA PRESS) Treffen der Minister f\u00fcr Gesundheit, Soziales und Gleichstellung, Ana Mato, &#8220;nach dem Heiligen Woche&#8221; Manager des Instituts f\u00fcr die Entwicklung und Integration von Gesundheit (IDIS), nahm die Gelegenheit, um seinen Vorschlag, eine Steuererleichterung f\u00fcr Private in Spanien. Versicherung gelten anzusprechen Vorteil Diese war der Generalsekret\u00e4r IDIS, Juan Abarca, teilte am [&hellip;]<\/p>\n","protected":false},"author":1,"featured_media":0,"comment_status":"close","ping_status":"open","sticky":false,"template":"","format":"standard","meta":{"footnotes":""},"categories":[3],"tags":[35200],"class_list":["post-24183","post","type-post","status-publish","format-standard","hentry","category-allgemeine","tag-aufzubauen","et-doesnt-have-format-content","et_post_format-et-post-format-standard"],"_links":{"self":[{"href":"https:\/\/www.best-dentist-dentistry.com\/de\/wp-json\/wp\/v2\/posts\/24183","targetHints":{"allow":["GET"]}}],"collection":[{"href":"https:\/\/www.best-dentist-dentistry.com\/de\/wp-json\/wp\/v2\/posts"}],"about":[{"href":"https:\/\/www.best-dentist-dentistry.com\/de\/wp-json\/wp\/v2\/types\/post"}],"author":[{"embeddable":true,"href":"https:\/\/www.best-dentist-dentistry.com\/de\/wp-json\/wp\/v2\/users\/1"}],"replies":[{"embeddable":true,"href":"https:\/\/www.best-dentist-dentistry.com\/de\/wp-json\/wp\/v2\/comments?post=24183"}],"version-history":[{"count":0,"href":"https:\/\/www.best-dentist-dentistry.com\/de\/wp-json\/wp\/v2\/posts\/24183\/revisions"}],"wp:attachment":[{"href":"https:\/\/www.best-dentist-dentistry.com\/de\/wp-json\/wp\/v2\/media?parent=24183"}],"wp:term":[{"taxonomy":"category","embeddable":true,"href":"https:\/\/www.best-dentist-dentistry.com\/de\/wp-json\/wp\/v2\/categories?post=24183"},{"taxonomy":"post_tag","embeddable":true,"href":"https:\/\/www.best-dentist-dentistry.com\/de\/wp-json\/wp\/v2\/tags?post=24183"}],"curies":[{"name":"wp","href":"https:\/\/api.w.org\/{rel}","templated":true}]}}