{"id":24195,"date":"2012-11-10T02:30:16","date_gmt":"2012-11-10T02:30:16","guid":{"rendered":null},"modified":"-0001-11-30T00:00:00","modified_gmt":"-0001-11-30T00:00:00","slug":"union-dismisses-murder-and-points-to-malpractice-by-death-in-hospital","status":"publish","type":"post","link":"https:\/\/www.best-dentist-dentistry.com\/de\/union-dismisses-murder-and-points-to-malpractice-by-death-in-hospital\/24195","title":{"rendered":"Union lehnt Mord und verweist auf Fehlverhalten durch Tod im Krankenhaus"},"content":{"rendered":"<p class=\"first\"> <span class=\"yshortcuts\" id=\"lw_1332980245_0\"> Montevideo<\/span>, 28 M\u00e4r (<span class=\"yshortcuts\" id=\"lw_1332980245_1\"> EFE<\/span>).-<span class=\"yshortcuts\" id=\"lw_1332980245_2\"> Arzt der Gewerkschaft Uruguay<\/span> (<span class=\"yshortcuts\" id=\"lw_1332980245_3\"> SMU<\/span>) entschied heute, dass die medizinische und die <span class=\"yshortcuts\" id=\"lw_1332980245_4\"> Krankenschwester<\/span> von &#8220;dubiosen&#8221; <span class=\"yshortcuts\" id=\"lw_1332980245_5\"> der Tod<\/span> eines Patienten verhaftet wegen <span class=\"yshortcuts\" id=\"lw_1332980245_6\"> Mord<\/span> ermittelt sind und wies auf einen Fall &#8220;von <span class=\"yshortcuts\"id=\"lw_1332980245_7\"> Fehlverhalten<\/span> im Zusammenhang mit der Pflege von <span class=\"yshortcuts\"id=\"lw_1332980245_8\"> unheilbar kranken Patienten<\/span>&#8220;.<\/p>\n<p>in einem Rad von Presse einberufen, der Leiter der SMU, Rebella Martin, ebenfalls ausgeschlossen, vor den Medien, dass es irgendeine Verbindung zwischen diese Verhaftungen und im Fall von zwei Krankenschwestern verarbeitet die bekennenden Ermordung von mindestens 15 Patienten auf der Intensivstation von Montevideo gibt.<\/p>\n<p>&#8220;Informationen, die fuhr uns, das nicht offiziell ist, ist, dass es ein Kollege und eine Krankenschwester sind zu diesem Zeitpunkt einen m\u00f6glichen Fall von Fehlverhalten im Zusammenhang mit der Pflege von unheilbar kranken Patienten untersucht&#8221;, dRebella IJO an die Presse.<\/p>\n<p>Arzt, wer pers\u00f6nlich besuchte die Gerichte von K\u00f6ln liegt etwa 180 Kilometer auf dem westlich von Montevideo, und wo sind sie verh\u00f6rt werden beide Frauen, f\u00fcr Informationen zum Fall, beharrte er wiederholt die Untersuchung &#8220;hat nichts mit Mord zu tun&#8221;.<\/p>\n<p>&#8220;Ich wei\u00df nicht, es Inyectara nichts zu Tod voraus, die Euthanasie. bedeuten w\u00fcrde wei\u00df ich nicht, das ist die Beschwerde&#8221;, Rebella vor den Fragen der Journalisten. angegeben<\/p>\n<p>verantwortlich f\u00fcr die SMU darauf hingewiesen, dass die Union ist &#8220;sehr besorgt&#8221; f\u00fcr dieses Ereignis vor allem f\u00fcr seine &#8220;Pr\u00e4senz in der \u00d6ffentlichkeit&#8221; und da kein Zweifel &#8220;eine Verschlechterung des Vertrauens in das Gesundheitssystem und die \u00c4rzte generiert&#8221;.<\/p>\n<p>Auch so erkl\u00e4rt, obwohl sie nicht bereit sind, vor allem auf die Tatsache Urteil sind, wird die noch untersucht, die SMU setzen ihre juristischen Dienste verf\u00fcgbar H\u00e4ftlinge auf &#8220;ist erf\u00fcllt seine Due Process&#8221;. &lt; \/p &gt; <\/p>\n<p>die beiden Frauen wurden heute in K\u00f6ln festgenommen einmal einen Bericht verkn\u00fcpfen der Vorg\u00e4nge zum Tode &#8220;zweifelhaft&#8221;, der eine 99 Jahre alte Frau in das Krankenhaus in der Stadt.<\/p>\n<p>das Ereignis aufgetreten ist, nur neun Tage nach der Gerechtigkeit-Prozess die Krankenschwestern Ariel Acevedo, 46 Jahre alt, und Marcelo Pereira, im Alter von 39, durch die Ermordung bzw. zehn und f\u00fcnf Patienten aus zwei Krankenh\u00e4user in Montevideo-Intensive care Einheiten. EFE<\/p>\n","protected":false},"excerpt":{"rendered":"<p>Montevideo, 28 M\u00e4r ( EFE).- Arzt der Gewerkschaft Uruguay ( SMU) entschied heute, dass die medizinische und die Krankenschwester von &#8220;dubiosen&#8221; der Tod eines Patienten verhaftet wegen Mord ermittelt sind und wies auf einen Fall &#8220;von Fehlverhalten im Zusammenhang mit der Pflege von unheilbar kranken Patienten&#8220;. in einem Rad von Presse einberufen, der Leiter der [&hellip;]<\/p>\n","protected":false},"author":1,"featured_media":0,"comment_status":"close","ping_status":"open","sticky":false,"template":"","format":"standard","meta":{"footnotes":""},"categories":[3],"tags":[],"class_list":["post-24195","post","type-post","status-publish","format-standard","hentry","category-allgemeine","et-doesnt-have-format-content","et_post_format-et-post-format-standard"],"_links":{"self":[{"href":"https:\/\/www.best-dentist-dentistry.com\/de\/wp-json\/wp\/v2\/posts\/24195","targetHints":{"allow":["GET"]}}],"collection":[{"href":"https:\/\/www.best-dentist-dentistry.com\/de\/wp-json\/wp\/v2\/posts"}],"about":[{"href":"https:\/\/www.best-dentist-dentistry.com\/de\/wp-json\/wp\/v2\/types\/post"}],"author":[{"embeddable":true,"href":"https:\/\/www.best-dentist-dentistry.com\/de\/wp-json\/wp\/v2\/users\/1"}],"replies":[{"embeddable":true,"href":"https:\/\/www.best-dentist-dentistry.com\/de\/wp-json\/wp\/v2\/comments?post=24195"}],"version-history":[{"count":0,"href":"https:\/\/www.best-dentist-dentistry.com\/de\/wp-json\/wp\/v2\/posts\/24195\/revisions"}],"wp:attachment":[{"href":"https:\/\/www.best-dentist-dentistry.com\/de\/wp-json\/wp\/v2\/media?parent=24195"}],"wp:term":[{"taxonomy":"category","embeddable":true,"href":"https:\/\/www.best-dentist-dentistry.com\/de\/wp-json\/wp\/v2\/categories?post=24195"},{"taxonomy":"post_tag","embeddable":true,"href":"https:\/\/www.best-dentist-dentistry.com\/de\/wp-json\/wp\/v2\/tags?post=24195"}],"curies":[{"name":"wp","href":"https:\/\/api.w.org\/{rel}","templated":true}]}}