{"id":24197,"date":"2012-11-10T02:30:31","date_gmt":"2012-11-10T02:30:31","guid":{"rendered":null},"modified":"-0001-11-30T00:00:00","modified_gmt":"-0001-11-30T00:00:00","slug":"larger-ear-stresses-the-importance-of-defending-the-right-to-life-against-the-dominant-fashion","status":"publish","type":"post","link":"https:\/\/www.best-dentist-dentistry.com\/de\/larger-ear-stresses-the-importance-of-defending-the-right-to-life-against-the-dominant-fashion\/24197","title":{"rendered":"larger ear stresses the importance of defending the right to life against the dominant fashion"},"content":{"rendered":"<p class=\"first\"> <span class=\"yshortcuts\" id=\"lw_1333113467_0\"> MADRID<\/span>, 30 (<span class=\"yshortcuts\" id=\"lw_1333113467_1\"> EUROPA PRESS<\/span>)<\/p>\n<p>der <span class=\"yshortcuts\" id=\"lw_1333113467_2\"> Vizepr\u00e4sident<\/span> der <span class=\"yshortcuts\" id=\"lw_1333113467_3\"> Europ\u00e4ischen popul\u00e4re Gruppe<\/span> (<span class=\"yshortcuts\" id=\"lw_1333113467_4\"> PPE<\/span>) und <span class=\"yshortcuts\" id=\"lw_1333113467_5\"> MEP<\/span> Jaime <span class=\"yshortcuts\" id=\"lw_1333113467_6\"> Mayor Oreja<\/span>, hat am Donnerstag betonte die Bedeutung der Verteidigung das <span class=\"yshortcuts\" id=\"lw_1333113467_7\"> Recht auf Leben<\/span> des ungeborenen &#8220;gegen die vorherrschende <span class=\"yshortcuts\"id=\"lw_1333113467_8\"> Mode<\/span> in Europa&#8221; und hat die Organisationen gebeten &#39; pro-Life &#39; ist die nicht &rsquo;einen Wert von vielen tausend Europ\u00e4er gemeinsam&rsquo; verteidigen sch\u00e4men.<\/p>\n<p>hat somit w\u00e4hrend eines Treffens der europ\u00e4ischen Verb\u00e4nde verteidigen das Leben der ungeborenen, die in Br\u00fcssel unter dem Motto stattfand angegeben &#39; uns nicht Resignamos in der Verteidigung des ungeborenen &#39; und, hat die gesponsert wurde von einer Gruppe von mehreren Mitgliedern aus verschiedenen Fraktionen und die nahmen rund 30 Organisationen aus 22 L\u00e4ndern Gemeinschaft.<\/p>\n<p>so sowie die F\u00f6rderer der Initiative, Jaime Mayor Oreja und die italienische Abgeordnete, Vorsitzender des Ausschusses f\u00fcr konstitutionelle Fragen der Europ\u00e4ischen Parlaments, Carlo Casini, polnische MEP und auch stellvertretender Vorsitzender der EVP-Fraktion, Jan Olbrycht, Italiener Mario Mauro, Miroslav Mikolasik und Anna Z\u00e1borsk\u00e1 Slowaken; die Tschechische Zuzana Roithov\u00e1, die ungarische L\u00e1szl\u00f3 teilgenommen Entstehen; Slowenisch Alojz Peterle; die Deutschen Martin K\u00e4sler, Peter Liese und Bernd Posselt; der polnische Abgeordnete der konservativen und reformistischen Gruppe Europ\u00e4ische (ECR) Konrad Szymanski und der Liberalen Fraktion (ALDE), Hannu Takkula. finnische<\/p>\n<p>&#8220;ist ein noch nie da gewesenen Treffen mit der Dimension der den Ausstellungsst\u00e4nden und der Dimension des Trupps und dahinter ist grunds\u00e4tzlich der Grundgedanke nicht abfinden selbst Kenntnis dessen, was bedeutet eine dominante Tendenz in Europa der Verachtung f\u00fcr das Leben, der Verachtung f\u00fcr die Rechte der Kinder, und nicht mit dem Gef\u00fchl, dieser neuen Zeit, die wir zu leben erfordert mehr denn je eine Verst\u00e4rkung von unseren Grundwerten und die erste von ihnen ist das Recht auf Leben&#8221;, hum gr\u00f6\u00dfere bekr\u00e4ftigt Ohr.<\/p>\n<p>wie oben erl\u00e4utert, ist das Ziel auch, &#8220;der Wunsch, eine Ver\u00e4nderung, eine \u00c4nderung der Einstellung, eine \u00c4nderung der Trend einzuf\u00fchren, wenn es darum geht, sich nicht sch\u00e4men, Werte zu verteidigen, die viele Europ\u00e4er gemeinsam nutzen&#8221;.<\/p>\n<p>&#8220;hoffe dieses Treffens institutionalisiert werden und jedes Jahr wir immer mehr Abgeordneten mit dieser Diagnose gerufen haben die europ\u00e4ischen Institutionen und Verb\u00e4nde, die das Recht auf Leben in diesen Einrichtungen zu verteidigen&#8221;, wurde hinzugef\u00fcgt.<\/p>\n<p>aller teilnehmenden &#8211; Verb\u00e4nde zwischen ihnen etwas Spanisch als ein Recht zu leben und die Familie &#8211; Politik-Institut hat eine Diagnose der Situation des Rechts auf Leben in verschiedenen L\u00e4ndern der EU und die Initiativen in jedem von ihnen.<\/p>\n<p>europ\u00e4ischen B\u00fcrgerinitiative<\/p>\n<p>, f\u00fcr seinen Teil, der italienische Europaabgeordnete und Vorsitzende des Ausschusses f\u00fcr konstitutionelle Fragen des Europ\u00e4ischen Parlaments, Carlo Casini, hat angek\u00fcndigt, die Pr\u00e4sentation nur kurzen eine europ\u00e4ische B\u00fcrgerinitiative &#8220;in der Verteidigung des menschlichen Lebens&#8221;, unter Ausnutzung der am 1. April, es tritt die M\u00f6glichkeit der Verwendung dieser Formel, so dass die B\u00fcrger die Freigabe der europ\u00e4ischen Rechtsvorschriften in bestimmten Angelegenheiten beanspruchen, wenn sie die Unterst\u00fctzung von mehr als 1 Million Unterschriften aus mindestens sieben L\u00e4ndern in die EU haben.<\/p>\n<p> &lt; p&gt; Casini hat erkl\u00e4rt, dass dies eine &#8220;people&rsquo;s Initiative&#8221;, die von Abgeordneten und f\u00fcr die auch ein Organisationskomitee f\u00fcr die Sammlung von Unterschriften notwendig. erstellt wird nicht geleitet wird, er wies darauf hin, dass der Titel der Initiative werden &#39; von uns &#39;, das entspricht &#8220;des Titels des Berichts des National Committee der Bioethik (Italienisch) \u00fcber die Satzung des menschlichen Embryos&#8221;.<\/p>\n<p>&#8220;Im Wesentlichen diese Initiative, die versucht, die europ\u00e4ischen Institutionen zu interpretieren, das Recht auf Leben und Achtung der Menschenw\u00fcrde, die sind in den Vertr\u00e4gen von der Empf\u00e4ngnis und daher bei der Verwendung von Fonds, die auf dem Gebiet der Gesundheit, verf\u00fcgen im Bereich der Entwicklungshilfe oder wissenschaftliche Forschung dienen nicht die Zerst\u00f6rung des ungeborenen Menschen&#8221;, abgeschlossen wurde.<\/p>\n","protected":false},"excerpt":{"rendered":"<p>MADRID, 30 ( EUROPA PRESS) der Vizepr\u00e4sident der Europ\u00e4ischen popul\u00e4re Gruppe ( PPE) und MEP Jaime Mayor Oreja, hat am Donnerstag betonte die Bedeutung der Verteidigung das Recht auf Leben des ungeborenen &#8220;gegen die vorherrschende Mode in Europa&#8221; und hat die Organisationen gebeten &#39; pro-Life &#39; ist die nicht &rsquo;einen Wert von vielen tausend Europ\u00e4er [&hellip;]<\/p>\n","protected":false},"author":1,"featured_media":0,"comment_status":"close","ping_status":"open","sticky":false,"template":"","format":"standard","meta":{"footnotes":""},"categories":[3],"tags":[],"class_list":["post-24197","post","type-post","status-publish","format-standard","hentry","category-allgemeine","et-doesnt-have-format-content","et_post_format-et-post-format-standard"],"_links":{"self":[{"href":"https:\/\/www.best-dentist-dentistry.com\/de\/wp-json\/wp\/v2\/posts\/24197","targetHints":{"allow":["GET"]}}],"collection":[{"href":"https:\/\/www.best-dentist-dentistry.com\/de\/wp-json\/wp\/v2\/posts"}],"about":[{"href":"https:\/\/www.best-dentist-dentistry.com\/de\/wp-json\/wp\/v2\/types\/post"}],"author":[{"embeddable":true,"href":"https:\/\/www.best-dentist-dentistry.com\/de\/wp-json\/wp\/v2\/users\/1"}],"replies":[{"embeddable":true,"href":"https:\/\/www.best-dentist-dentistry.com\/de\/wp-json\/wp\/v2\/comments?post=24197"}],"version-history":[{"count":0,"href":"https:\/\/www.best-dentist-dentistry.com\/de\/wp-json\/wp\/v2\/posts\/24197\/revisions"}],"wp:attachment":[{"href":"https:\/\/www.best-dentist-dentistry.com\/de\/wp-json\/wp\/v2\/media?parent=24197"}],"wp:term":[{"taxonomy":"category","embeddable":true,"href":"https:\/\/www.best-dentist-dentistry.com\/de\/wp-json\/wp\/v2\/categories?post=24197"},{"taxonomy":"post_tag","embeddable":true,"href":"https:\/\/www.best-dentist-dentistry.com\/de\/wp-json\/wp\/v2\/tags?post=24197"}],"curies":[{"name":"wp","href":"https:\/\/api.w.org\/{rel}","templated":true}]}}