{"id":2425,"date":"2011-11-18T18:04:08","date_gmt":"2011-11-18T18:04:08","guid":{"rendered":null},"modified":"-0001-11-30T00:00:00","modified_gmt":"-0001-11-30T00:00:00","slug":"the-cecova-celebrates-its-25th-anniversary-with-a-commemorative-event-of-its-creation-and-delivery-of-24-awards-to-companies-institutions-and-personalities","status":"publish","type":"post","link":"https:\/\/www.best-dentist-dentistry.com\/de\/the-cecova-celebrates-its-25th-anniversary-with-a-commemorative-event-of-its-creation-and-delivery-of-24-awards-to-companies-institutions-and-personalities\/2425","title":{"rendered":"Das CECOVA feiert ihr 25 j\u00e4hriges Jubil\u00e4um mit einer Festveranstaltung seiner Entwicklung und Lieferung von 24 Auszeichnungen an Unternehmen, Institutionen und Pers\u00f6nlichkeiten."},"content":{"rendered":"<p><strong>Der CECOVA feiert ihr 25-j\u00e4hriges Jubil\u00e4um mit einer Festveranstaltung seiner Entwicklung und Lieferung von 24 Auszeichnungen an Unternehmen, Institutionen und Pers\u00f6nlichkeiten. <\/p>\n<p><\/strong> <font size=\"2\"> <strong>die Organisation Stiftskirche Regional in der Pflege der Comunitat Valenciana bringt mehr als 200 G\u00e4ste bei einer Zeremonie statt auf das Zentrum kulturellen Bancaixa de Valencia.<\/strong> <\/p>\n<p> <strong>Valencia, November 2011 &#8211;<\/strong> Rates der Pflege der Comunitat Valenciana (CECOVA) hat den 25. Jahrestag ihrer Gr\u00fcndung im Jahr 1986 mit einem institutionellen bei Bancaixa kulturellen Zentrum von Valencia, die die Anwesenheit von mehr als 200 G\u00e4ste die Minister f\u00fcr Gesundheit, Luis Rosado gedachtesowie zahlreiche Pers\u00f6nlichkeiten und Vertreter der Gesundheit, Gewerkschaft, politischen und wissenschaftlichen Welt begleitet, der Pr\u00e4sident der CECOVA, Jos\u00e9 Antonio Olivares Avila und die Pr\u00e4sidenten der Colleges der Pflege von Alicante, Valencia und Castell\u00f3n, Bethlehem Pay\u00e1, Juan Jos\u00e9 Tirado und Francisco Partnerbzw.. <\/p>\n<p>In seiner Rede, der Pr\u00e4sident der CECOVA er hat daran erinnert die Annahme durch den Rat der Gr\u00fcndung Satzung des dann Valencia offizielle Colleges der technischen Assistenten Absolventen in Krankenpflege und die anschlie\u00dfende Ver\u00f6ffentlichung in die offizielle Diari De La Comunitat Valenciana (DOCV) und die Gesundheit am 4. Juli 1986 der Vereinbarung vom 2. Juni 1986 der ConsellGr\u00fcnes Licht gab er den ersten Satzungen der CECOVA. <\/p>\n<p> \u00c1vila Olivares darauf hingewiesen, dass  im letzten Viertel eines Jahrhunderts der Beruf Krankenschwester es geschafft hat, Leben bis zu der Rest der Gesundheit Gruppen mit denen arbeitet Tag f\u00fcr Tag und er hat Bindungen gebrochen sein, eine zus\u00e4tzliche Beruf werden eins mit eigenen Machtbefugnisse klar, perfekt definierte &#8221;. <\/p>\n<p>Dar\u00fcber hinaus sagte, dass  in der CECOVA, in Zusammenarbeit mit Schulen in Alicante und Castell\u00f3n, Valencia, haben daran gearbeitet, eine gro\u00dfe Anzahl von Initiativen in verschiedenen Bereichen, zusammen vorzulegen, wir haben in den Foren und die wichtigsten Bereiche der Gesellschaft pr\u00e4sent und haben zur Verf\u00fcgung der Krankenschwestern, Ausbildung von Qualit\u00e4t und Schneide sowie Aktivit\u00e4ten Cient\u00edVersorgung und Profis zur F\u00f6rderung der Entwicklung &#8221;. <\/p>\n<p><strong>24 Auszeichnungen <br \/><\/strong> <br \/>Nach der Rede des Pr\u00e4sidenten der CECOVA war ein Video, produziert von CECOVA Fernsehen, \u00fcber die 25 Jahre der Geschichte der Krankenpflege regionale Stiftskirche Institution, und dann ging auf die Lieferung von insgesamt 24 Auszeichnungen an Unternehmen, Institutionen und Pers\u00f6nlichkeiten im Gesundheitssektor gezeigt. <\/p>\n<p>So erhielt in erster Linie Auszeichnungen Pers\u00f6nlichkeiten, die die Umsetzung im Gange \u00fcber die Institution als erster Pr\u00e4sident des CECOVA, Francisco Mulet ausgebr\u00fctet; die erste Rechtsberater der CECOVA und Herausgeber der ersten Satzungen der CECOVA, Jeroni Can\u00f3s; Grafik-Designer f\u00fcr die Erstellung von das aktuelle Logo der CECOVA, die modernisiert und begleitet die Institution seit 1993, Javier de Lucas verantwortlich; und die Kanzlei unter der Leitung von Jos\u00e9 Mar\u00eda Badezimmer Le\u00f3n, Umgang mit seit Anfang der 90er Jahre der rechtlichen Fragen der CECOVA und war verantwortlich f\u00fcr die Ausarbeitung der letzten Satzung. <\/p>\n<p>Ausgezeichnet wurden auch zu den regierenden Boards Colleges der Pflege in Castell\u00f3n, Valencia und Alicante als  wahre Seele und Geist von der CECOVA &#8221;; die Koordinatoren der Arbeitsgruppen in Impfung, biologische Gefahren, Ethik und Berufsethik, Pflege und Gesundheit, und Kommunikation, Jos\u00e9 Antonio Forcada, Eugenia Gordo, Fernando Fern\u00e1ndez und C\u00e9sar Leal, bzw. der Schule; und der Vermittler von Versicherungen Salvador Mar\u00edn, Mitarbeiter von der CECOVA in Themen mit Bezug zu kollektiven Versicherung, und deren Arbeit stellte die beste Politik der zivilrechtlichen Haftung. <\/p>\n<p>Ebenso der Koordinator Forschung &amp; Pflege und Kultur der Versorgung von der CECOVA ver\u00f6ffentlichten Elena Ferrer; Zeitschriften erhielt Anerkennungen verantwortlich f\u00fcr die Modernisierung und Umgestaltung des Entwurfs und der Bild der Publikationen des CECOVA, Luis Mira-Perceval, AROA Design und Kommunikation Gesellschaft; Das Unternehmen der Gesundheit Ausbildung Klassenzimmer Gesundheit; die Gegenseitigkeit der Angeh\u00f6rigen der Gesundheitsberufe der Mutual Insurance Association (AMA); Banco Sabadell f\u00fcr seine Zusammenarbeit in vielen Aktivit\u00e4ten und Initiativen einschlie\u00dflich das Sponsoring-Preis CECOVA der Forschung in der Krankenpflege; Unsere kleine Welt reisen, und Verwaltungspersonal der drei Schulen der Krankenpflege und die CECOVA Agentur. <\/p>\n<p>Schlie\u00dflich gab der CECOVA Anerkennung des Ministeriums f\u00fcr Gesundheit von  wurden empfindlich f\u00fcr diese Jahre auf die Anforderungen der Beruf Krankenschwester und f\u00fcr die Gew\u00e4hrung von Unterst\u00fctzung und regulatorische und rechtliche Unterst\u00fctzung f\u00fcr die Stufe der Entwicklung, die wir heute haben &#8221;. Der Regionalminister Rosado wurde beauftragt, Anerkennung und schlie\u00dfen Sie das Ereignis. <\/p>\n<p>Beachten Sie, dass Teilnehmer erhalten ein Buch von der f\u00fcnfundzwanzig Jahre des Lebens von der CECOVA enth\u00e4lt eine umfassende \u00dcbersicht \u00fcber die Initiativen und eine Synthese der Aktivit\u00e4ten seit 1986 durchgef\u00fchrt. <\/p>\n<p><\/font><\/p>\n","protected":false},"excerpt":{"rendered":"<p>Der CECOVA feiert ihr 25-j\u00e4hriges Jubil\u00e4um mit einer Festveranstaltung seiner Entwicklung und Lieferung von 24 Auszeichnungen an Unternehmen, Institutionen und Pers\u00f6nlichkeiten. die Organisation Stiftskirche Regional in der Pflege der Comunitat Valenciana bringt mehr als 200 G\u00e4ste bei einer Zeremonie statt auf das Zentrum kulturellen Bancaixa de Valencia. Valencia, November 2011 &#8211; Rates der Pflege der [&hellip;]<\/p>\n","protected":false},"author":1,"featured_media":0,"comment_status":"close","ping_status":"open","sticky":false,"template":"","format":"standard","meta":{"footnotes":""},"categories":[3],"tags":[8925,8924,8926,8927],"class_list":["post-2425","post","type-post","status-publish","format-standard","hentry","category-allgemeine","tag-25-jhriges","tag-erziehen","tag-festveranstaltung","tag-persnlichkeiten","et-doesnt-have-format-content","et_post_format-et-post-format-standard"],"_links":{"self":[{"href":"https:\/\/www.best-dentist-dentistry.com\/de\/wp-json\/wp\/v2\/posts\/2425","targetHints":{"allow":["GET"]}}],"collection":[{"href":"https:\/\/www.best-dentist-dentistry.com\/de\/wp-json\/wp\/v2\/posts"}],"about":[{"href":"https:\/\/www.best-dentist-dentistry.com\/de\/wp-json\/wp\/v2\/types\/post"}],"author":[{"embeddable":true,"href":"https:\/\/www.best-dentist-dentistry.com\/de\/wp-json\/wp\/v2\/users\/1"}],"replies":[{"embeddable":true,"href":"https:\/\/www.best-dentist-dentistry.com\/de\/wp-json\/wp\/v2\/comments?post=2425"}],"version-history":[{"count":0,"href":"https:\/\/www.best-dentist-dentistry.com\/de\/wp-json\/wp\/v2\/posts\/2425\/revisions"}],"wp:attachment":[{"href":"https:\/\/www.best-dentist-dentistry.com\/de\/wp-json\/wp\/v2\/media?parent=2425"}],"wp:term":[{"taxonomy":"category","embeddable":true,"href":"https:\/\/www.best-dentist-dentistry.com\/de\/wp-json\/wp\/v2\/categories?post=2425"},{"taxonomy":"post_tag","embeddable":true,"href":"https:\/\/www.best-dentist-dentistry.com\/de\/wp-json\/wp\/v2\/tags?post=2425"}],"curies":[{"name":"wp","href":"https:\/\/api.w.org\/{rel}","templated":true}]}}