{"id":24320,"date":"2012-11-10T03:23:16","date_gmt":"2012-11-10T03:23:16","guid":{"rendered":null},"modified":"-0001-11-30T00:00:00","modified_gmt":"-0001-11-30T00:00:00","slug":"food-summit-food-may-not-be-subject-to-economic-groups","status":"publish","type":"post","link":"https:\/\/www.best-dentist-dentistry.com\/de\/food-summit-food-may-not-be-subject-to-economic-groups\/24320","title":{"rendered":"Essen Gipfel: Nahrung m\u00f6glicherweise nicht nach Wirtschaftsgruppen"},"content":{"rendered":"<p class=\"first\"> Bogota, 22 Okt (EFE).-die Nahrung m\u00f6glicherweise nicht unter wirtschaftlichen oder den Gesetzen des Marktes Gruppen, sagte heute der Vizepr\u00e4sident der Organisation von United Regionen (ORU), Paul Carrasco, w\u00e4hrend der Installation der Regionen II des Weltgipfels \u00fcber Lebensmittel Sicherheit.<\/p>\n<p>&#8220;aus unserer Sicht essen kann nicht den Gesetzen der Markt und Einzelinteressen oder wirtschaftlichen Planet-Gruppen&#8221;, Carrasco, sagte Journalisten in der Stadt von Medellin.<\/p>\n<p>Carrasco sagte, dass &#8220;Nahrung und Nahrung ein Menschenrecht&#8221; und betonte die Ma\u00dfnahmen der Vereinten Nationen-Landwirtschaft und Ern\u00e4hrung-Organisation (FAO) um &#8220;die Macht mit einem richtigen Ansatz anzunehmen&#8221;.<\/p>\n<p>Medellin, Hauptstadt der &#8220;Abteilung von Antioquia (Nordwesten), begr\u00fc\u00dft ab heute und bis Dienstag den Delegierten aus rund 30 L\u00e4ndern, die Teilnahme an dem Gipfel, mit dem Ziel schl\u00e4gt Aktionen, die einen zum Kampf gegen den Mangel an Nahrung f\u00fcr die Bev\u00f6lkerung Beitrag.<\/p>\n<p>w\u00e4hrend der Installation der Sitzung einberufen von der FAO, die Interamerikanische Entwicklungsbank (IDB) und ORU\/Fogar, der Pr\u00e4sident des letzteren, Michel Vauzelle, erh\u00f6ht den Wert der Programme f\u00fcr die Ern\u00e4hrungssicherheit von Medellin und sagte, sie Modelle f\u00fcr die Welt sollten.<\/p>\n<p>&#8220;die sozialen und entwicklungspolitischen Probleme sind die gleichen in Lateinamerika und die Aktionen, die in Antioquia und Medell\u00edn erfolgen, da diese Probleme der Gesellschaft, Demografie und soziale Gerechtigkeit auch jene von Frankreich sind, h\u00f6ren m\u00fcssen&#8221;, sagte er Vauzelle.<\/p>\n<p>von seiner Seite, der Gouverneur von Antioquia, Sergio Fajardo, angegeben, was w\u00fcrde in das Feld Wiederherstellen.<\/p>\n<p>&#8220;Das Feld hat sich zu erholen, seine w\u00fcrde und brechen Weg von die Ketten, die ausgesetzt, &#8220;sagte Fajardo.<\/p>\n<p>B\u00fcrgermeister von Medell\u00edn, Anibal Gaviria, inzwischen darauf hingewiesen, dass Partnerschaften zwischen Kommunen, wie z. B. die erreichten zwischen Medellin und Antioquia, Schl\u00fcssel zu erreichen gute Ergebnisse.<\/p>\n<p>&#8221; Schl\u00fcssel, die wir identifiziert haben, um Nahrungsmittelsicherheit zu erreichen konzentrierte sich auf politische, ein integriertes design Programme und Summe von Testamenten aus der Regierung und die Akteure, &#8220;sagte Gaviria.<\/p>\n<p>wird das Ereignis von Delegaten und Experten aus Argentinien, Bangladesch, Belgien, Benin, Bolivien, Brasilien, Kamerun, Kanada, Chile, Ecuador, Spanien, USA, Frankreich, Italien, Madagaskar, Mexiko, Nigeria, Panama, Paraguay, Peru, Deutschland, Dominikanische Republik, Senegal, Tunesien, Venezuela, Vietnam und Kolumbien, unter anderem besucht. EFE<\/p>\n","protected":false},"excerpt":{"rendered":"<p>Bogota, 22 Okt (EFE).-die Nahrung m\u00f6glicherweise nicht unter wirtschaftlichen oder den Gesetzen des Marktes Gruppen, sagte heute der Vizepr\u00e4sident der Organisation von United Regionen (ORU), Paul Carrasco, w\u00e4hrend der Installation der Regionen II des Weltgipfels \u00fcber Lebensmittel Sicherheit. &#8220;aus unserer Sicht essen kann nicht den Gesetzen der Markt und Einzelinteressen oder wirtschaftlichen Planet-Gruppen&#8221;, Carrasco, sagte [&hellip;]<\/p>\n","protected":false},"author":1,"featured_media":0,"comment_status":"close","ping_status":"open","sticky":false,"template":"","format":"standard","meta":{"footnotes":""},"categories":[3],"tags":[35312,35313],"class_list":["post-24320","post","type-post","status-publish","format-standard","hentry","category-allgemeine","tag-essen-gipfel","tag-wirtschaftsgruppen","et-doesnt-have-format-content","et_post_format-et-post-format-standard"],"_links":{"self":[{"href":"https:\/\/www.best-dentist-dentistry.com\/de\/wp-json\/wp\/v2\/posts\/24320","targetHints":{"allow":["GET"]}}],"collection":[{"href":"https:\/\/www.best-dentist-dentistry.com\/de\/wp-json\/wp\/v2\/posts"}],"about":[{"href":"https:\/\/www.best-dentist-dentistry.com\/de\/wp-json\/wp\/v2\/types\/post"}],"author":[{"embeddable":true,"href":"https:\/\/www.best-dentist-dentistry.com\/de\/wp-json\/wp\/v2\/users\/1"}],"replies":[{"embeddable":true,"href":"https:\/\/www.best-dentist-dentistry.com\/de\/wp-json\/wp\/v2\/comments?post=24320"}],"version-history":[{"count":0,"href":"https:\/\/www.best-dentist-dentistry.com\/de\/wp-json\/wp\/v2\/posts\/24320\/revisions"}],"wp:attachment":[{"href":"https:\/\/www.best-dentist-dentistry.com\/de\/wp-json\/wp\/v2\/media?parent=24320"}],"wp:term":[{"taxonomy":"category","embeddable":true,"href":"https:\/\/www.best-dentist-dentistry.com\/de\/wp-json\/wp\/v2\/categories?post=24320"},{"taxonomy":"post_tag","embeddable":true,"href":"https:\/\/www.best-dentist-dentistry.com\/de\/wp-json\/wp\/v2\/tags?post=24320"}],"curies":[{"name":"wp","href":"https:\/\/api.w.org\/{rel}","templated":true}]}}