{"id":24346,"date":"2012-11-10T03:30:29","date_gmt":"2012-11-10T03:30:29","guid":{"rendered":null},"modified":"-0001-11-30T00:00:00","modified_gmt":"-0001-11-30T00:00:00","slug":"physicians-of-madrid-promote-an-indefinite-strike","status":"publish","type":"post","link":"https:\/\/www.best-dentist-dentistry.com\/de\/physicians-of-madrid-promote-an-indefinite-strike\/24346","title":{"rendered":"\u00c4rzte Madrid f\u00f6rdern einen unbefristeten Streik"},"content":{"rendered":"<p><font size=\"2\"> <font size=\"3\"> <strong>Madrid \u00c4rzte f\u00f6rdern einen unbefristeten Streik<\/strong><\/font> <\/p>\n<p><strong>Unter dem Motto  wir sind medizinische, wir sind Patienten &#8221;<\/strong> <\/p>\n<p>-AFEM Anrufe an andere Berufsgruppen die Aufruf-vordere Ma\u00dfnahmen durch die Regierung der Gemeinschaft von Madrid beitreten und <\/p>\n<p>-Verein unterst\u00fctzen die B\u00fcrger aufgefordert, den Kampf gegen den Abbau der \u00f6ffentlichen Gesundheit <\/p>\n<p>-Madrid \u00c4rzte darauf hinweisen, Privatisierung der Gesundheit die Kosten multipliziert und verschlechtert die Ergebnisse Gesundheit <\/p>\n<p> <strong>Madrid, November 2012 &#8211;<\/strong> AFEM, Vereinigung der \u00c4rzte Spezialisten von Madrid, gestern auf der Versammlung genehmigt initiieren eine Reihe von Mobilisierungen, darunter ist die Forderung nach einem unbefristeten Streik von Gesundheitspersonal, die am Ende des Monats November beginnen w\u00fcrde. <\/p>\n<p>Mehr als 500 \u00c4rzte besuchte die Versammlung des Verbandes, gehalten an der Hochschule der \u00c4rzte von Madrid, um zu er\u00f6rtern, wie die j\u00fcngsten Beschl\u00fcsse der Gemeinschaft von Madrid w\u00e4hrend gestern Nachmittag zu bew\u00e4ltigen. Von der Landesregierung angek\u00fcndigten Ma\u00dfnahmen sollen die Volksgesundheit Madrid demontieren und Gesundheitswesen 1,3 Millionen B\u00fcrger und die Besch\u00e4ftigungssituation von etwa 8000 Fachleute direkt beeinflussen. <\/p>\n<p>Bei der Montage, so \u00fcberf\u00fcllt, dass Dutzende von Profis keinen Zugriff auf das Geh\u00e4use hatte, Pedro Gonz\u00e1lez, Pr\u00e4sident des AFEM stellte fest, dass  die Lage ist so dramatisch, dass wir etwas tun, oder in ein paar Jahren wir nicht \u00f6ffentliche Gesundheit f\u00fcr unsere Kinder haben und \u00e4lteren. Es ist eine sehr ernste Situation, zumal hinter all dem gibt es wirtschaftliche Interessen \u00fcber die Kostenersparnis hinaus &#8221;. <\/p>\n<p><strong>Schnitte wirkt sich am meisten die schw\u00e4chsten<\/strong> <\/p>\n<p>W\u00e4hrend der Besprechung gestern vereinbarten AFEM \u00c4rzte seine absolute Ablehnung Ausdr\u00fccken der Ma\u00dfnahmen, die die Regierung in Madrid f\u00fcr die Gesundheitsbudgets der n\u00e4chsten gelten will Jahr vertritt die Auffassung, dass die Ma\u00dfnahmen der Gemeinschaft von Madrid sind ungerecht und absurd, weil sie technische Grundlage fehlt. In der Tat, internationaler wissenschaftlicher Erkenntnisse veranschaulicht, dass Privatisierung der Gesundheit multipliziert, die Kosten und schlechteren gesundheitlichen Folgen. Einige, wie die Einf\u00fchrung des Euro durch Rezept betreffen vor allem die schw\u00e4chsten, wie \u00e4ltere Menschen, chronisch kranke oder Menschen mit begrenzten wirtschaftlichen Ressourcen. <\/p>\n<p>Deshalb beschlossen sie, starten Sie eine Reihe von Mobilisierungen, einschlie\u00dflich des Aufrufs f\u00fcr einen unbefristeten Streik aus der letzten Woche November adressiert an alle \u00c4rzte in der Gemeinschaft von Madrid und die offizielle in K\u00fcrze erfolgen wird. <\/p>\n<p>Dar\u00fcber hinaus dieser kollektiven unabh\u00e4ngigen Arzt l\u00e4dt und Vertretern der anderen Fraktionen Gesundheit f\u00f6rdert (Krankenschwestern, zus\u00e4tzliche &#8230;) zus\u00e4tzlich zu diesen Mobilisierungen. Auch erinnert an die Bedeutung der Unterst\u00fctzung B\u00fcrger auf diese Ma\u00dfnahmen, weil  Gesch\u00e4digten Patienten sind die Demontage der aktuellen Systembenutzer Gesundheit und Patienten sind alle &#8221;, sagt Pedro Gonz\u00e1lez. <\/p>\n<p><strong>Medizinische ja, aber auch Patienten <br \/><\/strong> <br \/>AFEM k\u00e4mpft gegen Ma\u00dfnahmen der regionalen Regierung, einschlie\u00dflich die insgesamt sechs Krankenh\u00e4user, 10 Prozent von Gesundheitszentren und dem Abbau der emblematischen Krankenh\u00e4user wie die Prinzessin oder der Carlos III, Privatisierung wurden mit Improvisation und Obskurantismus, ohne R\u00fccksprache mit Experten oder den betroffenen B\u00fcrgern getroffen. Nach Pedro Gonz\u00e1lez  wie B\u00fcrger wissen \u00fcber die Situation, die wir alle gehen durch und wollen nicht Teil des Problems sein, aber zu ihrer L\u00f6sung beizutragen. Die Verschlechterung unserer Gesundheit litt es auch als Nutzer der Gesundheitsversorgung, was unser Motto ist &#8216; wir sind medizinische, wir sind Patienten &#8217;. Also wir sind entschlossen, unsere Forderungen beeinflussen, so wenig wie m\u00f6glich unseren Patienten &#8221;. <\/p>\n<p>Dar\u00fcber hinaus unterstreicht AFEM auch seine Besorgnis \u00fcber die Lage auf dem Arbeitsmarkt von vielen \u00c4rzten von \u00dcbertragungen betroffen sind oder Nichtverl\u00e4ngerung der Vertr\u00e4ge Januar n\u00e4chsten Jahres, weil diese Ma\u00dfnahmen einen tiefen Schritt in umfassen Richtung Abbau von \u00f6ffentlichen Gesundheit Qualit\u00e4tderen Besitzer ist die Gesellschaft im Allgemeinen, nicht der Regionalregierung. <\/p>\n<p><strong>Was ist AFEM?<\/strong> <\/p>\n<p>AFEM ist eine absolut unabh\u00e4ngige Vereinigung, die nicht in den Dienst eines Organs oder unter dem Deckmantel der keine Akronyme oder politische Ideologie und soll \u00fcber die Entwicklung des spanischen Gesundheitssystems, bis jetzt eines der besten in Europa, betonte, dass die verletzte Main des Verfalls dieser Patienten ist. <\/p>\n<p><\/font><\/p>\n","protected":false},"excerpt":{"rendered":"<p>Madrid \u00c4rzte f\u00f6rdern einen unbefristeten Streik Unter dem Motto wir sind medizinische, wir sind Patienten &#8221; -AFEM Anrufe an andere Berufsgruppen die Aufruf-vordere Ma\u00dfnahmen durch die Regierung der Gemeinschaft von Madrid beitreten und -Verein unterst\u00fctzen die B\u00fcrger aufgefordert, den Kampf gegen den Abbau der \u00f6ffentlichen Gesundheit -Madrid \u00c4rzte darauf hinweisen, Privatisierung der Gesundheit die Kosten [&hellip;]<\/p>\n","protected":false},"author":1,"featured_media":0,"comment_status":"close","ping_status":"open","sticky":false,"template":"","format":"standard","meta":{"footnotes":""},"categories":[3],"tags":[],"class_list":["post-24346","post","type-post","status-publish","format-standard","hentry","category-allgemeine","et-doesnt-have-format-content","et_post_format-et-post-format-standard"],"_links":{"self":[{"href":"https:\/\/www.best-dentist-dentistry.com\/de\/wp-json\/wp\/v2\/posts\/24346","targetHints":{"allow":["GET"]}}],"collection":[{"href":"https:\/\/www.best-dentist-dentistry.com\/de\/wp-json\/wp\/v2\/posts"}],"about":[{"href":"https:\/\/www.best-dentist-dentistry.com\/de\/wp-json\/wp\/v2\/types\/post"}],"author":[{"embeddable":true,"href":"https:\/\/www.best-dentist-dentistry.com\/de\/wp-json\/wp\/v2\/users\/1"}],"replies":[{"embeddable":true,"href":"https:\/\/www.best-dentist-dentistry.com\/de\/wp-json\/wp\/v2\/comments?post=24346"}],"version-history":[{"count":0,"href":"https:\/\/www.best-dentist-dentistry.com\/de\/wp-json\/wp\/v2\/posts\/24346\/revisions"}],"wp:attachment":[{"href":"https:\/\/www.best-dentist-dentistry.com\/de\/wp-json\/wp\/v2\/media?parent=24346"}],"wp:term":[{"taxonomy":"category","embeddable":true,"href":"https:\/\/www.best-dentist-dentistry.com\/de\/wp-json\/wp\/v2\/categories?post=24346"},{"taxonomy":"post_tag","embeddable":true,"href":"https:\/\/www.best-dentist-dentistry.com\/de\/wp-json\/wp\/v2\/tags?post=24346"}],"curies":[{"name":"wp","href":"https:\/\/api.w.org\/{rel}","templated":true}]}}