{"id":24396,"date":"2012-11-11T02:28:24","date_gmt":"2012-11-11T02:28:24","guid":{"rendered":null},"modified":"-0001-11-30T00:00:00","modified_gmt":"-0001-11-30T00:00:00","slug":"interior-of-catalonia-personara-against-the-violent-and-opens-them-record","status":"publish","type":"post","link":"https:\/\/www.best-dentist-dentistry.com\/de\/interior-of-catalonia-personara-against-the-violent-and-opens-them-record\/24396","title":{"rendered":"Interior of Catalonia Personar\u00e1 gegen die gewaltt\u00e4tigen und \u00f6ffnet sie Datensatz"},"content":{"rendered":"<p class=\"first\"> <span class=\"yshortcuts\" id=\"lw_1333467784_0\"> Barcelona<\/span>, 3 <span class=\"yshortcuts\" id=\"lw_1333467784_1\"> APR<\/span> (<span class=\"yshortcuts\" id=\"lw_1333467784_2\"> EFE<\/span>).-der Innenminister, <span class=\"yshortcuts\" id=\"lw_1333467784_3\"> Felip<\/span> <span class=\"yshortcuts\" id=\"lw_1333467784_4\"> Puig<\/span>, hat heute angek\u00fcndigt, dass seine Abteilung ist Personar\u00e1 als eine <span class=\"yshortcuts\" id=\"lw_1333467784_5\"> Privatklage<\/span> gegen die H\u00e4ftlinge von den Unruhen des 29 M in Barcelona und gleichzeitig haben sie er\u00f6ffnet ihnen eine Sanktionierung, Dossier, das bleibt gel\u00e4hmt zu Lasten der M\u00f6glichkeit gerichtlicher.<\/p>\n<p>Pressekonferenz, Puig hat angek\u00fcndigt, dass in ihrem Kampf gegen mit fester Hand, &#8220;urban Guerillas&#8221; genannt, seine Abteilung f\u00fcr sich beschlossen hat, \u00fcbler in Gerichtsverfahren ge\u00f6ffnet die fast achtzig verhaftet wegen Unruhen in den 29 M.<\/p>\n<p>in Justiz nach Puig, Innenraum wird ausgerichtet, mit der Staatsanwaltschaft zu versuchen, die Fragen f\u00fcr die m\u00f6gliche H\u00f6chststrafe der H\u00e4ftlinge.<\/p>\n<p>parallel der Regionalminister innen vorgestellt haben bereits ge\u00f6ffnet ein Dossier Sanktionierung 94 Menschen durch die Ereignisse des Tages der Generalstreik, obwohl die Unterlagen warten um zu sehen, wie es die rechtlichen Prozess. entwickelt fixiert wurde<\/p>\n<p>der gerichtlichen Verfahren beendet sind Archivierung nach Puig, innen dann Lebenslauf administrative Mittel, mit denen die Beklagten durch die Sch\u00e4den in der \u00d6ffentlichkeit und Privatheit zu bestrafen ist noch quantifizieren.<\/p>\n<p>Personen, denen eine administrative Datei zwischen den Promotoren der alternative Ausdruck der CNT und CGT Gewerkschaften nach dem Regionalminister ge\u00f6ffnet wurde.<\/p>\n","protected":false},"excerpt":{"rendered":"<p>Barcelona, 3 APR ( EFE).-der Innenminister, Felip Puig, hat heute angek\u00fcndigt, dass seine Abteilung ist Personar\u00e1 als eine Privatklage gegen die H\u00e4ftlinge von den Unruhen des 29 M in Barcelona und gleichzeitig haben sie er\u00f6ffnet ihnen eine Sanktionierung, Dossier, das bleibt gel\u00e4hmt zu Lasten der M\u00f6glichkeit gerichtlicher. Pressekonferenz, Puig hat angek\u00fcndigt, dass in ihrem Kampf [&hellip;]<\/p>\n","protected":false},"author":1,"featured_media":0,"comment_status":"close","ping_status":"open","sticky":false,"template":"","format":"standard","meta":{"footnotes":""},"categories":[3],"tags":[35374],"class_list":["post-24396","post","type-post","status-publish","format-standard","hentry","category-allgemeine","tag-interior","et-doesnt-have-format-content","et_post_format-et-post-format-standard"],"_links":{"self":[{"href":"https:\/\/www.best-dentist-dentistry.com\/de\/wp-json\/wp\/v2\/posts\/24396","targetHints":{"allow":["GET"]}}],"collection":[{"href":"https:\/\/www.best-dentist-dentistry.com\/de\/wp-json\/wp\/v2\/posts"}],"about":[{"href":"https:\/\/www.best-dentist-dentistry.com\/de\/wp-json\/wp\/v2\/types\/post"}],"author":[{"embeddable":true,"href":"https:\/\/www.best-dentist-dentistry.com\/de\/wp-json\/wp\/v2\/users\/1"}],"replies":[{"embeddable":true,"href":"https:\/\/www.best-dentist-dentistry.com\/de\/wp-json\/wp\/v2\/comments?post=24396"}],"version-history":[{"count":0,"href":"https:\/\/www.best-dentist-dentistry.com\/de\/wp-json\/wp\/v2\/posts\/24396\/revisions"}],"wp:attachment":[{"href":"https:\/\/www.best-dentist-dentistry.com\/de\/wp-json\/wp\/v2\/media?parent=24396"}],"wp:term":[{"taxonomy":"category","embeddable":true,"href":"https:\/\/www.best-dentist-dentistry.com\/de\/wp-json\/wp\/v2\/categories?post=24396"},{"taxonomy":"post_tag","embeddable":true,"href":"https:\/\/www.best-dentist-dentistry.com\/de\/wp-json\/wp\/v2\/tags?post=24396"}],"curies":[{"name":"wp","href":"https:\/\/api.w.org\/{rel}","templated":true}]}}