{"id":245,"date":"2011-12-13T11:08:08","date_gmt":"2011-12-13T11:08:08","guid":{"rendered":null},"modified":"2011-12-13T11:08:08","modified_gmt":"2011-12-13T11:08:08","slug":"rtve-prize-cermies-2009-for-their-efforts-at-dissemination-and-support-for-people-with-disabilities","status":"publish","type":"post","link":"https:\/\/www.best-dentist-dentistry.com\/de\/rtve-prize-cermies-2009-for-their-efforts-at-dissemination-and-support-for-people-with-disabilities\/245","title":{"rendered":"RTVE, Preis &#8220;Cermi.es 2009&#8221; f\u00fcr ihre Bem\u00fchungen um die Verbreitung und Unterst\u00fctzung von Menschen mit Behinderungen."},"content":{"rendered":"<p><font size=\"2\"> <font size=\"3\"> <strong>RTVE, Auszeichnung  Cermi.es 2009 &#8221; f\u00fcr ihre Bem\u00fchungen um die Verbreitung und Unterst\u00fctzung von Menschen mit Behinderungen.<\/strong><\/font><\/p>\n<p>-das Unternehmen erhielt in der Kategorie Medien, unter anderem von TV-Berichterstattung der Spiele 2008 in Peking Paralympics und Leertaste als  Schritt f\u00fcr Schritt zusammen &#8221; <\/p>\n<p>-die Jury wurde vom Pr\u00e4sidenten der CERMI, Cayo Luis P\u00e9rez Bueno integriert, der Pr\u00e4sident der elf, Miguel Carballeda, Pr\u00e4sident der FIAPAS, M\u00aa Luz Sanz, Pr\u00e4sident des CNSE, Luis Cannon und der Pr\u00e4sident der FEAFES, Jos\u00e9 M\u00aa S\u00e1nchez Monge, unter anderem <\/p>\n<p>-die anderen acht Gewinner des Preises  Cermi.es &#8221; 2009 wurden: Afanias, der Stadt Pamplona, Rat der Provinz Badajoz, das Institut von Rechte menschlichen Bartolom\u00e9 de Las Casas, Colegio Mayor Juan Luis Vives, Pr\u00e4sident der Region Murcia, Rafael de Lorenzo und Renfe Operadora <\/p>\n<p>-Diese Auszeichnungen werden am 2. Dezember in Madrid, in der Aula CaixaForum geliefert <\/p>\n<p> <strong>Spanien, September 2009.-<\/strong> am Montag, die Jury des VIII-Ausgabe des Awards  cermi.es &#8221; konnte die Awards 2009 in neun Kategorien, die Initiativen von Einzelpersonen und Einrichtungen f\u00fcr Menschen mit Behinderungen und ihre Familien zu unterscheiden. Die RTVE Corporation hat unterschieden wurde, im Abschnitt Medien f\u00fcr seine Liebe zum Behinderung in verschiedenen Kan\u00e4len und Media Corporation. <\/p>\n<p>Mehr als 80 Nominierungen aus Spanien und Lateinamerika haben f\u00fcr die Awards gewann &#8216; cermi.es &#8217; 2009, wurde heute von der Jury der VIII Ausgabe dieser Auszeichnungen, unter der Leitung des Pr\u00e4sidenten der CERMI, Cayo Luis P\u00e9rez Bueno ver\u00f6ffentlicht. Die Gruppe wurde vom Pr\u00e4sidenten der elf, Miguel Carballeda, Pr\u00e4sident der FIAPAS, M\u00aa Luz Sanz, Pr\u00e4sident des CNSE, Luis Cannon und der Pr\u00e4sident der FEAFES, Jos\u00e9 M\u00aa S\u00e1nchez Monge, unter anderem integriert. <\/p>\n<p><strong>&#8220;Wohlwollend&#8221; f\u00fcr seine Aufmerksamkeit auf Behinderung<\/strong> <\/p>\n<p>RTVE erhielt in der Kategorie Medien, nach Ansicht der Jury, f\u00fcr ihre Bem\u00fchungen um die Verbreitung und Unterst\u00fctzung f\u00fcr eine normalisierte Soziales Image von Menschen mit Behinderungen, einschlie\u00dflich TV-Berichterstattung der Spiele Paralympics 2008 in Peking, Planung der soziale Inhalt der RNE als Raum  Schritt f\u00fcr Schritt zusammen &#8221; undim Allgemeinen, auf Behinderung in verschiedene Kan\u00e4le und Medien der Gesellschaft &#8221;. <\/p>\n<p>In den anderen acht Kategorien wurden Afanias, der Stadt Pamplona, die Diputaci\u00f3n de Badajoz, das Institut von Bartolom\u00e9 de Las Casas Menschenrechte, des Colegio Mayor Juan Luis Vives, Pr\u00e4sident der Region Murcia, Rafael de Lorenzo und Renfe Operadora ausgezeichnet. <\/p>\n<p>Die Jury hat ein Ausschuss unabh\u00e4ngiger Sachverst\u00e4ndiger, die spezialisiert auf corporate social Responsibility, bestehend aus der Spitze der sozialen Aktion der BBVA, Nava Javier hingewiesen wurde; der Direktor der Fundaci\u00f3n Konecta, Graciela la Morena; der Vizepr\u00e4sident f\u00fcr Fragen der sozialen Verantwortung des Vereins der Kommunikation Directors (DIRCOM), Carlos S\u00e1nchez Olea und verantwortlich f\u00fcr die Programme der sozialen Verantwortung der Carolina Stiftung, Isabel Roser. <\/p>\n<p>Preise werden in einer Zeremonie am 2. Dezember, einen Tag vor dem internationalen Tag der Menschen mit Behinderungen im CaixaForum. <\/p>\n<p><\/font><\/p>\n","protected":false},"excerpt":{"rendered":"<p>RTVE, Auszeichnung Cermi.es 2009 &#8221; f\u00fcr ihre Bem\u00fchungen um die Verbreitung und Unterst\u00fctzung von Menschen mit Behinderungen. -das Unternehmen erhielt in der Kategorie Medien, unter anderem von TV-Berichterstattung der Spiele 2008 in Peking Paralympics und Leertaste als Schritt f\u00fcr Schritt zusammen &#8221; -die Jury wurde vom Pr\u00e4sidenten der CERMI, Cayo Luis P\u00e9rez Bueno integriert, der [&hellip;]<\/p>\n","protected":false},"author":1,"featured_media":0,"comment_status":"close","ping_status":"open","sticky":false,"template":"","format":"standard","meta":{"footnotes":""},"categories":[3],"tags":[1744,1743,1742],"class_list":["post-245","post","type-post","status-publish","format-standard","hentry","category-allgemeine","tag-bemhungen","tag-cermies","tag-rtve","et-doesnt-have-format-content","et_post_format-et-post-format-standard"],"_links":{"self":[{"href":"https:\/\/www.best-dentist-dentistry.com\/de\/wp-json\/wp\/v2\/posts\/245","targetHints":{"allow":["GET"]}}],"collection":[{"href":"https:\/\/www.best-dentist-dentistry.com\/de\/wp-json\/wp\/v2\/posts"}],"about":[{"href":"https:\/\/www.best-dentist-dentistry.com\/de\/wp-json\/wp\/v2\/types\/post"}],"author":[{"embeddable":true,"href":"https:\/\/www.best-dentist-dentistry.com\/de\/wp-json\/wp\/v2\/users\/1"}],"replies":[{"embeddable":true,"href":"https:\/\/www.best-dentist-dentistry.com\/de\/wp-json\/wp\/v2\/comments?post=245"}],"version-history":[{"count":0,"href":"https:\/\/www.best-dentist-dentistry.com\/de\/wp-json\/wp\/v2\/posts\/245\/revisions"}],"wp:attachment":[{"href":"https:\/\/www.best-dentist-dentistry.com\/de\/wp-json\/wp\/v2\/media?parent=245"}],"wp:term":[{"taxonomy":"category","embeddable":true,"href":"https:\/\/www.best-dentist-dentistry.com\/de\/wp-json\/wp\/v2\/categories?post=245"},{"taxonomy":"post_tag","embeddable":true,"href":"https:\/\/www.best-dentist-dentistry.com\/de\/wp-json\/wp\/v2\/tags?post=245"}],"curies":[{"name":"wp","href":"https:\/\/api.w.org\/{rel}","templated":true}]}}