{"id":24605,"date":"2012-11-12T02:24:33","date_gmt":"2012-11-12T02:24:33","guid":{"rendered":null},"modified":"-0001-11-30T00:00:00","modified_gmt":"-0001-11-30T00:00:00","slug":"pope-closes-visit-cuba-with-havana-mass-and-meeting-with-fidel","status":"publish","type":"post","link":"https:\/\/www.best-dentist-dentistry.com\/de\/pope-closes-visit-cuba-with-havana-mass-and-meeting-with-fidel\/24605","title":{"rendered":"pope closes visit cuba with havana mass and meeting with fidel"},"content":{"rendered":"<p class=\"first\"> Havanna (Reuters) &#8211; Papst Benedikt XVI wird geschlossen am Mittwoch seinen Besuch in Kuba mit einer vielf\u00e4ltigen Masse in den mythischen Platz der Revolution in Havanna und ein Treffen mit Fidel Castro, nachdem er drei Tage auf der Insel mit einer Meldung der Erneuerung und Offenheit f\u00fcr ein Land, das f\u00fcnf Jahrzehnte sozialistische Regierung. verbracht hat,<\/p>\n<p>die Geschichte des F\u00fchrers der kubanischen Revolution k\u00fcndigte in der Nacht vom Dienstag, die ihn Gr\u00fc\u00dfen, st\u00fcrzen ihn &#8220;mit Vergn\u00fcgen&#8221; des r\u00f6mischen Gesandten, wie mit seinem Vorg\u00e4nger, Papst Johannes Paul II, in einer Begegnung vor 14 Jahren, die markiert das Ende der Feindseligkeiten zwischen der katholischen Kirche und den Beh\u00f6rden Kommunisten.<\/p>\n<p>&#8220;Kam zu der \u00dcberzeugung, dass die Marxisten und aufrichtige Christen (&#8230;) sollte und f\u00fcr Gerechtigkeit und Frieden zwischen den Menschen k\u00e4mpfen konnte&#8221;, dIJO Castro, 85 Jahre, in einem ihrer routinem\u00e4\u00dfigen Reflexionen geschrieben betitelt &#8220;Die schweren Zeiten der Menschheit&#8221;.<\/p>\n<p>&rsquo; also Proclam\u00e9 und so es zu k\u00e4mpfen &#8220;, hinzugef\u00fcgt den ehemaligen Pr\u00e4sident der Nation Atea. erkl\u00e4rt<\/p>\n<p>El Sumo Pontifex, 84 Jahre, wird am Vorabend mit Pr\u00e4sident Raul Castro will den Einfluss der katholischen Kirche in Haiti, Zement, wo die Regierung eine Reihe von Reformen einsetzt, die versuchen, zur Modernisierung der Wirtschaft ohne Verzicht auf die Ideologie sozialistischen. interviewt<\/p>\n<p>konnte wissen, dass der Heilige Vater eine&#8221;humanit\u00e4re &#8220;Anfrage zu Castro, was viele als eine Aufforderung hat, die politischen Gefangenen freizulassen interpretiert oder der US-Auftragnehmer Alan Gross, verurteilt zu 15 Jahren durch die Installation von Verbindungen mit dem Internet illegale in der Isl alsa.<\/p>\n<p>zus\u00e4tzlich verlangten Wiederherstellung festlich Karfreitag, in einer Geste, \u00e4hnlich dem, das sein Bruder Fidel mit dem polnischen Papst, wenn es wieder Weihnachten vor seinem historischen eingesetzt hatte 1998 besuchen.<\/p>\n<p>nach der Begegnung, Staatsfernsehen zeigte ihnen l\u00e4chelnd sch\u00fctteln, miteinander verflochten, die H\u00e4nde vor dem Austausch von Geschenken. Castro des Papstes das Schnitzwerk Holz aus der Virgen De La Caridad gab und dies mit einem religi\u00f6sen Buch entsprach, verziert mit bunten Illustrationen.<\/p>\n<p>aber es ist nicht beabsichtigt, geben Publikum Dissidentengruppen beschuldigt von der Regierung als S\u00f6ldner im Sold der USA, w\u00e4hrend Gegner anprangern, dass es im Land mit einer Vision, die schief gehen. Benedicto XVI<\/p>\n<p>Sozialismus, UNQUESTIONABLE<\/p>\n<p>der Bischof von Rom mit dem kubanischen Vertretertreffen gekr\u00f6nt, einen langen Weg auf die Verbesserung der Beziehungen der Regierung mit der Kirche, die gekommen ist, werden die wichtigsten Gespr\u00e4chspartner der Beh\u00f6rden bei sensiblen Themen wie Gefangene und Dissidenten Politiker.<\/p>\n<p>Raul und Benedikt XVI., als weniger, aber mehr Pragmatiker zu seinen Vorg\u00e4ngern, charismatische F\u00fchrer wollen st\u00e4rken einen Schl\u00fcssel der Allianz in Zeiten der Ver\u00e4nderungen auf die Insel, wo die Reformen Begeisterung und Angst erzeugt haben in einem Land daran gew\u00f6hnt, die Allgegenwart Zustand.<\/p>\n<p>Obwohl das Vorhandensein des Pontifex Erwartungen der gr\u00f6\u00dfere politische Offenheit auf sensible Menschenrechte und b\u00fcrgerliche Freiheiten Probleme generiert, die Exekutive w\u00e4hrend der Papstbesuch, die wirtschaftliche Ver\u00e4nderungen nicht in den Bereich der politischen Partei nur verschoben werden deutlich gemacht. System<\/p>\n<p>&#8220;in Kuba gibt es eine politische Reform. In Kuba sprechen wir \u00fcber die Aktualisierung des kubanischen Wirtschaftsmodells, die macht unsere nachhaltige Sozialismus&#8221;&#8221;, sagte am Dienstag Marino Murillo, Vice President f\u00fcr den Ministerrat und Supervisor wirtschaftliche \u00e4ndert Offiziere.<\/p>\n<p>Transformationen konnten die Kubaner zum ersten Mal seit dem Triumph der Revolution 1959 kaufen und frei verkaufen, H\u00e4user und Autos, Erwerb von Land f\u00fcr den Anbau und erweitern Private Unternehmertum in Gebieten, die zuvor reserviert, in den Zustand, wie Tourismus und Hotel Industrie.<\/p>\n<p>Papst erweicht seine Rede bei seiner Ankunft in Kuba Montag, mit mehr oder weniger verschleierten Referenzen politischen Gefangenen, die vertieft politische Ver\u00e4nderung und Erneuerung der Gesellschaft, m\u00fcssen aber Weg von seinem vorderen Kommentare \u00fcber das Scheitern des Kommunismus vor seiner Ankunft.<\/p>\n<p>jedoch der Heilige Vater hielt seine Vision, dass das Land neue braucht voraus und die Kirche wird eine Rolle spielen&#8221;m\u00fcssen &#8220;\u00fcber die Zukunft der Insel<\/p>\n<p>(herausgegeben von Carlos Aliaga und Silene Ramirez)<\/p>\n","protected":false},"excerpt":{"rendered":"<p>Havanna (Reuters) &#8211; Papst Benedikt XVI wird geschlossen am Mittwoch seinen Besuch in Kuba mit einer vielf\u00e4ltigen Masse in den mythischen Platz der Revolution in Havanna und ein Treffen mit Fidel Castro, nachdem er drei Tage auf der Insel mit einer Meldung der Erneuerung und Offenheit f\u00fcr ein Land, das f\u00fcnf Jahrzehnte sozialistische Regierung. verbracht [&hellip;]<\/p>\n","protected":false},"author":1,"featured_media":0,"comment_status":"close","ping_status":"open","sticky":false,"template":"","format":"standard","meta":{"footnotes":""},"categories":[3],"tags":[],"class_list":["post-24605","post","type-post","status-publish","format-standard","hentry","category-allgemeine","et-doesnt-have-format-content","et_post_format-et-post-format-standard"],"_links":{"self":[{"href":"https:\/\/www.best-dentist-dentistry.com\/de\/wp-json\/wp\/v2\/posts\/24605","targetHints":{"allow":["GET"]}}],"collection":[{"href":"https:\/\/www.best-dentist-dentistry.com\/de\/wp-json\/wp\/v2\/posts"}],"about":[{"href":"https:\/\/www.best-dentist-dentistry.com\/de\/wp-json\/wp\/v2\/types\/post"}],"author":[{"embeddable":true,"href":"https:\/\/www.best-dentist-dentistry.com\/de\/wp-json\/wp\/v2\/users\/1"}],"replies":[{"embeddable":true,"href":"https:\/\/www.best-dentist-dentistry.com\/de\/wp-json\/wp\/v2\/comments?post=24605"}],"version-history":[{"count":0,"href":"https:\/\/www.best-dentist-dentistry.com\/de\/wp-json\/wp\/v2\/posts\/24605\/revisions"}],"wp:attachment":[{"href":"https:\/\/www.best-dentist-dentistry.com\/de\/wp-json\/wp\/v2\/media?parent=24605"}],"wp:term":[{"taxonomy":"category","embeddable":true,"href":"https:\/\/www.best-dentist-dentistry.com\/de\/wp-json\/wp\/v2\/categories?post=24605"},{"taxonomy":"post_tag","embeddable":true,"href":"https:\/\/www.best-dentist-dentistry.com\/de\/wp-json\/wp\/v2\/tags?post=24605"}],"curies":[{"name":"wp","href":"https:\/\/api.w.org\/{rel}","templated":true}]}}