{"id":24613,"date":"2012-11-12T02:27:07","date_gmt":"2012-11-12T02:27:07","guid":{"rendered":null},"modified":"-0001-11-30T00:00:00","modified_gmt":"-0001-11-30T00:00:00","slug":"rousseff-banishes-fanciful-proposed-at-the-un-rio-20-conference","status":"publish","type":"post","link":"https:\/\/www.best-dentist-dentistry.com\/de\/rousseff-banishes-fanciful-proposed-at-the-un-rio-20-conference\/24613","title":{"rendered":"Rousseff verbannt &#8220;phantasievoll&#8221; auf der UN Rio + 20 Konferenz vorgeschlagen"},"content":{"rendered":"<p class=\"first\"> <span class=\"yshortcuts\" id=\"lw_1333582214_0\"> Bras\u00edlia<\/span>, 4 Apr (<span class=\"yshortcuts\" id=\"lw_1333582214_1\"> EFE<\/span>).-<span class=\"yshortcuts\" id=\"lw_1333582214_2\"> der Pr\u00e4sident<\/span> von <span class=\"yshortcuts\" id=\"lw_1333582214_3\"> Brasilien<\/span>, <span class=\"yshortcuts\" id=\"lw_1333582214_4\"> Dilma Rousseff<\/span>, verbannt jetzt die M\u00f6glichkeit der Diskussion \u00fcber die Vorschl\u00e4ge &#8220;phantasievoll&#8221; auf der <span class=\"yshortcuts\" id=\"lw_1333582214_5\"> Konferenz<\/span> der <span class=\"yshortcuts\" id=\"lw_1333582214_6\"> Vereinten Nationen<\/span> \u00fcber <span class=\"yshortcuts\" id=\"lw_1333582214_7\"> nachhaltige Entwicklung<\/span> Rio + 20, die in <span class=\"yshortcuts\" id=\"lw_1333582214_8\"> Rio De Janeiro<\/span> kommenden Juni. stattfinden wird<\/p>\n<p>&#8220;eine Konferenz wie diese hat keinen Raum f\u00fcr Fantasie,&#8221; sagte Rousseff in einer Rede w\u00e4hrend einer \u00f6ffentlichen Versammlung mit Ministern zu Fragen des Klimawandels, hielt heute um den Pr\u00e4sidentenpalast Planalto<\/p>\n<p> &lt; p> La Mandataria Puntualiz\u00f3 Que la Misi\u00f3n De La Rio + 20 es &#8220;Proponer un Nuevo Paradigma de Crecimiento Que kein of Absurdamente Et\u00e9reo o Fantasioso&#8221; y Que Tenga de Cuenta Que &#8220;Millones y Millones de Personas&#8221; Viven &#8220;S\u00fcnde las Condiciones M\u00ednimas&#8221;.<\/p>\n<p>&#8220;Hay Que Explicar ein las Personas C\u00f3mo van ein Comer, C\u00f3mo Tener Acceso al Agua y a La Energ\u00eda. van kein Se Les Puede Decir Que Se Puede Iluminar el Planeta solo Con Energ\u00eda E\u00f3lica o solar. kein Se Puede de Manera Alguna&#8221;, Afirm\u00f3.<\/p>\n<p>Rousseff Sostuvo Que Se Debe &#8220;Entender&#8221; Que Muchos Pa\u00edses Carecen de Recursos Para Paginieren\u2026 Una Matriz Energ\u00e9tica renovable, Como es el Caso de Brasil, Que produzieren Cerca del 80 Por Ciento de Su Electricidad de Centrales Hidroel\u00e9ctricas.<\/p>\n<p>de la Opini\u00f3n De La Jefa de Estado, Brasil Debe Asumir Una Posici\u00f3n de &#8220;Liderazgo&#8221; de la Rio + 20 Abs. Exponer Su Experiencia de el Desarrollo Sostenible, Aunque Con &#8220;Humildad&#8221; Porque el Pa\u00eds Suramericano &#8220;Tiene Que Hacer M\u00e1s&#8221;.<\/p>\n<p>La Rio + 20 findet in Rio De Janeiro die n\u00e4chsten 20 bis 22. Juni, 20 Jahre nach dem Erdgipfel einberufen, in der gleichen Stadt in 1992, die die Grundlage f\u00fcr das Konzept der nachhaltigen Entwicklung gelegt.<\/p>\n<p>Organisatoren hoffen die Beteiligung von hundert Staatsoberh\u00e4upter und Regierung in diesem Fall, der darauf abzielt, neue Ziele in den n\u00e4chsten Jahren verbessern das Verh\u00e4ltnis zwischen wirtschaftlicher Entwicklung und Pflege von Natur. verfolgen<\/p>\n<p>einer der Vorschl\u00e4ge, die ein h\u00f6heres Ma\u00df an Konsens zwischen den Verhandlungsf\u00fchrern brasilianischen Quellen zufolge erreicht hat, ist die Notwendigkeit einer reform des Programms von Programm die Vereinten Nationen (UNEP) weisen einen stabilen Haushalt und ihm Funktionen Executive.<\/p>\n<p>Pr\u00e4sidenten Brasiliens, Dilma Rousseff, sagte, dass die Mission der Rio + 20 vorschlagen ein neues Paradigma des Wachstums, die nicht absurd Ethereal oder phantasievoll erscheinen mag. WireImage \/<\/p>\n","protected":false},"excerpt":{"rendered":"<p>Bras\u00edlia, 4 Apr ( EFE).- der Pr\u00e4sident von Brasilien, Dilma Rousseff, verbannt jetzt die M\u00f6glichkeit der Diskussion \u00fcber die Vorschl\u00e4ge &#8220;phantasievoll&#8221; auf der Konferenz der Vereinten Nationen \u00fcber nachhaltige Entwicklung Rio + 20, die in Rio De Janeiro kommenden Juni. stattfinden wird &#8220;eine Konferenz wie diese hat keinen Raum f\u00fcr Fantasie,&#8221; sagte Rousseff in einer [&hellip;]<\/p>\n","protected":false},"author":1,"featured_media":0,"comment_status":"close","ping_status":"open","sticky":false,"template":"","format":"standard","meta":{"footnotes":""},"categories":[3],"tags":[],"class_list":["post-24613","post","type-post","status-publish","format-standard","hentry","category-allgemeine","et-doesnt-have-format-content","et_post_format-et-post-format-standard"],"_links":{"self":[{"href":"https:\/\/www.best-dentist-dentistry.com\/de\/wp-json\/wp\/v2\/posts\/24613","targetHints":{"allow":["GET"]}}],"collection":[{"href":"https:\/\/www.best-dentist-dentistry.com\/de\/wp-json\/wp\/v2\/posts"}],"about":[{"href":"https:\/\/www.best-dentist-dentistry.com\/de\/wp-json\/wp\/v2\/types\/post"}],"author":[{"embeddable":true,"href":"https:\/\/www.best-dentist-dentistry.com\/de\/wp-json\/wp\/v2\/users\/1"}],"replies":[{"embeddable":true,"href":"https:\/\/www.best-dentist-dentistry.com\/de\/wp-json\/wp\/v2\/comments?post=24613"}],"version-history":[{"count":0,"href":"https:\/\/www.best-dentist-dentistry.com\/de\/wp-json\/wp\/v2\/posts\/24613\/revisions"}],"wp:attachment":[{"href":"https:\/\/www.best-dentist-dentistry.com\/de\/wp-json\/wp\/v2\/media?parent=24613"}],"wp:term":[{"taxonomy":"category","embeddable":true,"href":"https:\/\/www.best-dentist-dentistry.com\/de\/wp-json\/wp\/v2\/categories?post=24613"},{"taxonomy":"post_tag","embeddable":true,"href":"https:\/\/www.best-dentist-dentistry.com\/de\/wp-json\/wp\/v2\/tags?post=24613"}],"curies":[{"name":"wp","href":"https:\/\/api.w.org\/{rel}","templated":true}]}}