{"id":24633,"date":"2012-11-12T02:29:15","date_gmt":"2012-11-12T02:29:15","guid":{"rendered":null},"modified":"-0001-11-30T00:00:00","modified_gmt":"-0001-11-30T00:00:00","slug":"ana-mato-guarantees-that-health-care-will-remain-free-but-says-that-reforms-will-be-needed","status":"publish","type":"post","link":"https:\/\/www.best-dentist-dentistry.com\/de\/ana-mato-guarantees-that-health-care-will-remain-free-but-says-that-reforms-will-be-needed\/24633","title":{"rendered":"Ana Mato garantiert, dass &#8220;Gesundheitsversorgung frei bleiben wird&#8221; aber sagt, dass &#8220;Reformen notwendig sein werden&#8221;"},"content":{"rendered":"<p class=\"first\"> <span class=\"yshortcuts\" id=\"lw_1333878742_0\"> Madrid<\/span>, 8 <span class=\"yshortcuts\" id=\"lw_1333878742_1\"> APR<\/span> (<span class=\"yshortcuts\" id=\"lw_1333878742_2\"> EFE<\/span>).-der <span class=\"yshortcuts\" id=\"lw_1333878742_3\"> Minister<\/span> f\u00fcr <span class=\"yshortcuts\" id=\"lw_1333878742_4\"> Gesundheit<\/span>, <span class=\"yshortcuts\" id=\"lw_1333878742_5\"> Soziales<\/span> und <span class=\"yshortcuts\" id=\"lw_1333878742_6\"> Gleichstellung<\/span>, <span class=\"yshortcuts\" id=\"lw_1333878742_7\"> Ana Mato<\/span>, hat versichert, dass es eine &#8220;Kostenloses &amp; Qualit\u00e4t&#8221; Gesundheit garantiert, sondern davor gewarnt hat, dass es schaffen notwendige <span class=\"yshortcuts\" id=\"lw_1333878742_8\"> Reformen<\/span> f\u00fcr das Gesundheitssystem, die wir haben, &#8220;die herrlichen, ist&#8221; ist auch &#8220;machbar&#8221;.<\/p>\n<p>so, dass der Minister in gehandelt hat Una Entrevista al Diario &#8220;La Raz\u00f3n&#8221;, de la Que es Preguntada Sobre el Anuncio Realizado Por el Ministro de Econom\u00eda, Luis de Guindos, de Una Entrevista al Diario Frankfurter Allgemeine, de Que las Er\u00f6ffnung Reformas Afectar\u00e1n a Los Servicios P\u00fablicos, Todo Sobre a la Sanidad y la Educaci\u00f3n.<\/p>\n<p>&#8220;Yo Definir\u00eda la Situaci\u00f3n de Nuestro Sistema Sanitario de Absolutamente Insostenible. Hacen Falta Reformas&#8221;, ha Insistido Mato, Quien ha Subrayado Su Propuesta de un Pacto de Estado de Sanidad y Pol\u00edticas Sociales Para Que Se Pueda &#8220;Racionalizar el Gastro, Mejorar Los Sistemas y Quitar Duplicidades a Trav\u00e9s de Una Cartera B\u00e1sica de Servicios&#8221;.<\/p>\n<p>&#8220;Esto es Elegir Unos Servicios B\u00e1sicos Para Los Ciudadanos Que Tengan Que Ser Obligatoriamente Atendidos de Todas las Autonom\u00edas Por Igual&#8221;, ha Explicado Mato, Quien kein Obstante Se ha Mostrado Convencida de Que el Sistema Auton\u00f3mico &#8220;ha Funcionado&#8221;, Pero Que &#8220;kein Se Puede Mantener a base de keine Pagar&#8221;. &#8220;Es denn&#8221;, ha Puntualizado.<\/p>\n<p>La Minister hat betont, dass &#8220;Diese Regierung aufs Konten auf NULL mit der Zahlung an den Anbieter erneut zu starten, setzen gemacht hat&#8221; und das ist, was sie garantiert wird: eine &#8220;freie &amp; Qualit\u00e4t&#8221; Gesundheit.<\/p>\n<p>verantwortlich f\u00fcr Gesundheit Mato hat bestritten, dass es &#8220;Medicamentazo&#8221;, d. h. gibt, dass sie nicht gehen, stoppen Zahlung f\u00fcr Drogen durch die Tatsache, die billig sind, aber ja es hat darauf hingewiesen, dass es, Valdemecum modernisieren wird, Drogen, die sind zu ersetzen jetzt veraltet.<\/p>\n<p>und \u00fcber den katalanischen Euro vom Rezept, darauf hingewiesen, dass es bereits mit dem katalanischen erf\u00fcllt hat Stadtrat f\u00fcr &#8220;zwischen all&#8221; Reformen annehmen, damit die katalanische B\u00fcrger Gesundheitsversorgung leisten \u00dcberstunden zahlen m\u00fcssen nicht.<\/p>\n","protected":false},"excerpt":{"rendered":"<p>Madrid, 8 APR ( EFE).-der Minister f\u00fcr Gesundheit, Soziales und Gleichstellung, Ana Mato, hat versichert, dass es eine &#8220;Kostenloses &amp; Qualit\u00e4t&#8221; Gesundheit garantiert, sondern davor gewarnt hat, dass es schaffen notwendige Reformen f\u00fcr das Gesundheitssystem, die wir haben, &#8220;die herrlichen, ist&#8221; ist auch &#8220;machbar&#8221;. so, dass der Minister in gehandelt hat Una Entrevista al Diario [&hellip;]<\/p>\n","protected":false},"author":1,"featured_media":0,"comment_status":"close","ping_status":"open","sticky":false,"template":"","format":"standard","meta":{"footnotes":""},"categories":[3],"tags":[35559],"class_list":["post-24633","post","type-post","status-publish","format-standard","hentry","category-allgemeine","tag-bezahlten","et-doesnt-have-format-content","et_post_format-et-post-format-standard"],"_links":{"self":[{"href":"https:\/\/www.best-dentist-dentistry.com\/de\/wp-json\/wp\/v2\/posts\/24633","targetHints":{"allow":["GET"]}}],"collection":[{"href":"https:\/\/www.best-dentist-dentistry.com\/de\/wp-json\/wp\/v2\/posts"}],"about":[{"href":"https:\/\/www.best-dentist-dentistry.com\/de\/wp-json\/wp\/v2\/types\/post"}],"author":[{"embeddable":true,"href":"https:\/\/www.best-dentist-dentistry.com\/de\/wp-json\/wp\/v2\/users\/1"}],"replies":[{"embeddable":true,"href":"https:\/\/www.best-dentist-dentistry.com\/de\/wp-json\/wp\/v2\/comments?post=24633"}],"version-history":[{"count":0,"href":"https:\/\/www.best-dentist-dentistry.com\/de\/wp-json\/wp\/v2\/posts\/24633\/revisions"}],"wp:attachment":[{"href":"https:\/\/www.best-dentist-dentistry.com\/de\/wp-json\/wp\/v2\/media?parent=24633"}],"wp:term":[{"taxonomy":"category","embeddable":true,"href":"https:\/\/www.best-dentist-dentistry.com\/de\/wp-json\/wp\/v2\/categories?post=24633"},{"taxonomy":"post_tag","embeddable":true,"href":"https:\/\/www.best-dentist-dentistry.com\/de\/wp-json\/wp\/v2\/tags?post=24633"}],"curies":[{"name":"wp","href":"https:\/\/api.w.org\/{rel}","templated":true}]}}