{"id":2464,"date":"2011-11-21T09:28:43","date_gmt":"2011-11-21T09:28:43","guid":{"rendered":null},"modified":"-0001-11-30T00:00:00","modified_gmt":"-0001-11-30T00:00:00","slug":"spanish-business-mission-seeks-business-opportunities-in-bolivia","status":"publish","type":"post","link":"https:\/\/www.best-dentist-dentistry.com\/de\/spanish-business-mission-seeks-business-opportunities-in-bolivia\/2464","title":{"rendered":"Wirtschaftsspanisch Auftrag sucht Gesch\u00e4ftsm\u00f6glichkeiten in Bolivien"},"content":{"rendered":"<p>La Paz, 21 nov (EFE).-Vertreter von 14 spanischen Unternehmen begann heute einen Besuch in Bolivien auf der Suche nach Gesch\u00e4ftsm\u00f6glichkeiten in Infrastruktur, Umwelt, Wasser und sanit\u00e4re Einrichtungen.<\/p>\n<p>Die Gruppe Ziel ist es, &#8220;suchen Gegenst\u00fcck bolivianischen f\u00fcr Technologietransfer und die \u00d6ffnung der M\u00e4rkte&#8221;, Efe sagte der Pr\u00e4sident der offizielle spanische Handelskammer und Industrie in Bolivien, Jos\u00e9 Luis Mu\u00f1oz.<\/p>\n<p>&#8220;Es gibt ein anhaltende Interesse in Bolivien nach dem Umfang der Projekte im Gange auf der Ebene der multilateralen Organisationen und Regierung (&#8230;)&#8221; &#8220;und diese Unternehmen sind sehr daran interessiert und \u00fcbertragen ihre Technologien f\u00fcr das Land&#8221; zur Kenntnis genommen.<\/p>\n<p>Unternehmer trafen mit dem bolivianischen Minister f\u00fcr Umwelt und Wasser, Mabel M\u00f6nch, der spanische Botschafter in La Paz, Ramon Santos, und Vertreter der bolivianischen Verwaltung der Stra\u00dfen und der Kammer der Bau.<\/p>\n<p>Auch interview mit Vertretern in der Ruhe der Weltbank, die Anden-Entwicklungsgesellschaft, die Inter-American Bank von Entwicklung, spanische Zusammenarbeit und die deutschen und bolivianischen private Unternehmen.<\/p>\n<p>Die Mission war bald in Washington und Mittwoch f\u00e4hrt in Richtung Ecuador, mit der gleichen Tagesordnung.<\/p>\n<p>In Bolivien ein Dutzend der spanischen Unternehmen, einschlie\u00dflich Repsol, Red El\u00e9ctrica Spanien, Abertis und Iberdrola und BBVA t\u00e4tig. EFE<\/p>\n","protected":false},"excerpt":{"rendered":"<p>La Paz, 21 nov (EFE).-Vertreter von 14 spanischen Unternehmen begann heute einen Besuch in Bolivien auf der Suche nach Gesch\u00e4ftsm\u00f6glichkeiten in Infrastruktur, Umwelt, Wasser und sanit\u00e4re Einrichtungen. Die Gruppe Ziel ist es, &#8220;suchen Gegenst\u00fcck bolivianischen f\u00fcr Technologietransfer und die \u00d6ffnung der M\u00e4rkte&#8221;, Efe sagte der Pr\u00e4sident der offizielle spanische Handelskammer und Industrie in Bolivien, Jos\u00e9 [&hellip;]<\/p>\n","protected":false},"author":1,"featured_media":0,"comment_status":"close","ping_status":"open","sticky":false,"template":"","format":"standard","meta":{"footnotes":""},"categories":[3],"tags":[9012,9011],"class_list":["post-2464","post","type-post","status-publish","format-standard","hentry","category-allgemeine","tag-auftrag","tag-wirtschaftsspanisch","et-doesnt-have-format-content","et_post_format-et-post-format-standard"],"_links":{"self":[{"href":"https:\/\/www.best-dentist-dentistry.com\/de\/wp-json\/wp\/v2\/posts\/2464","targetHints":{"allow":["GET"]}}],"collection":[{"href":"https:\/\/www.best-dentist-dentistry.com\/de\/wp-json\/wp\/v2\/posts"}],"about":[{"href":"https:\/\/www.best-dentist-dentistry.com\/de\/wp-json\/wp\/v2\/types\/post"}],"author":[{"embeddable":true,"href":"https:\/\/www.best-dentist-dentistry.com\/de\/wp-json\/wp\/v2\/users\/1"}],"replies":[{"embeddable":true,"href":"https:\/\/www.best-dentist-dentistry.com\/de\/wp-json\/wp\/v2\/comments?post=2464"}],"version-history":[{"count":0,"href":"https:\/\/www.best-dentist-dentistry.com\/de\/wp-json\/wp\/v2\/posts\/2464\/revisions"}],"wp:attachment":[{"href":"https:\/\/www.best-dentist-dentistry.com\/de\/wp-json\/wp\/v2\/media?parent=2464"}],"wp:term":[{"taxonomy":"category","embeddable":true,"href":"https:\/\/www.best-dentist-dentistry.com\/de\/wp-json\/wp\/v2\/categories?post=2464"},{"taxonomy":"post_tag","embeddable":true,"href":"https:\/\/www.best-dentist-dentistry.com\/de\/wp-json\/wp\/v2\/tags?post=2464"}],"curies":[{"name":"wp","href":"https:\/\/api.w.org\/{rel}","templated":true}]}}