{"id":24642,"date":"2012-11-12T02:30:07","date_gmt":"2012-11-12T02:30:07","guid":{"rendered":null},"modified":"-0001-11-30T00:00:00","modified_gmt":"-0001-11-30T00:00:00","slug":"the-psoe-said-that-health-and-education-not-retrofitted-a-10000-million-adjustment","status":"publish","type":"post","link":"https:\/\/www.best-dentist-dentistry.com\/de\/the-psoe-said-that-health-and-education-not-retrofitted-a-10000-million-adjustment\/24642","title":{"rendered":"the psoe said that health and education not retrofitted a 10000 million adjustment"},"content":{"rendered":"<p class=\"first\"> <span class=\"yshortcuts\" id=\"lw_1333998140_0\"> Madrid<\/span>, 9 <span class=\"yshortcuts\" id=\"lw_1333998140_1\"> APR<\/span> (<span class=\"yshortcuts\" id=\"lw_1333998140_2\"> EFE<\/span>).-der <span class=\"yshortcuts\" id=\"lw_1333998140_3\"> stellvertretende<\/span> Generalsekret\u00e4r der <span class=\"yshortcuts\" id=\"lw_1333998140_4\"> PSOE<\/span>, <span class=\"yshortcuts\" id=\"lw_1333998140_5\"> Elena Valenciano<\/span>, hat heute darauf hingewiesen, dass das <span class=\"yshortcuts\" id=\"lw_1333998140_6\"> Gesundheitssystem<\/span> und die educational &#8220;keine 10000 Millionen Anpassung nachger\u00fcstet&#8221;, <span class=\"yshortcuts\" id=\"lw_1333998140_7\"> Abbildung<\/span>, die die Regierung gab heute bekannt, dass es in beiden F\u00e4chern. rettet<\/p>\n<p>in <span class=\"yshortcuts\" id=\"lw_1333998140_8\"> Aussagen<\/span> zu Reportern an die Abgeordnetenhaus, Valenciano ha Se\u00f1alado Que Dicho Ahorro, Que Deber\u00eda Llamarse Recorte, &#8220;Pondr\u00eda En Cuesti\u00f3n la Sanidad y la Educaci\u00f3n Tal y Como las Conocemos&#8221;, y el Anuncio Provoca &#8220;Mucho Desasosiego y Desconfianza Dentro y Fuera de Espa\u00f1a&#8221;.<\/p>\n<p>La N\u00famero Dos del PSOE ha Pedido &#8220;Seriedad&#8221; al Gobierno Que ha Hecho Este Anuncio Despu\u00e9s del &#8220;Coro de Contradicciones&#8221; Que, de Su Opini\u00f3n, Han Protagonizado el Ejecutivo y el PP.<\/p>\n<p>En Este Sentido ha Criticado Los &#8220;Mentidos y Desmentidos&#8221; Ocurridos Hoy, Con las Declaraciones del Duc de Econom\u00eda, Luis de Guindos, Sugiriendo Que las Rentas M\u00e1s Altas Paguen Parte de Sus Prestaciones Sanitarias y las del Responsable de Organizaci\u00f3n del PP, Carlos Floriano, Que ha Considerado las Palabras del Ministro Una &#8220;Reflexi\u00f3n pers\u00f6nliche&#8221;.<\/p>\n<p>Valenciano ha Se\u00f1alado Que el Ejecutivo y Los Populares &#8220;Se Equivocan&#8221; Si Piensan Que de Esta Forma, o Con Declaraciones del Gobierno de el Extranjero, van ein Recuperar la &#8220;Credibilidad Perdida de Pocos Meses&#8221;.<\/p>\n<p>Por Instead, has warned, they lose credibility &#8220;Jets&#8221; these messages with contradictory.<\/p>\n<p>Elena Valenciano stressed that health and education are two issues of the utmost importance and &#8220;maximum sensitivity for citizenship&#8221;, and why it was considered &#8220;intolerable&#8221; various statements made in the last hours by the Government and the PP.<\/p>\n<p>has insisted on claiming &#8220;responsibility and seriousness&#8221; to the Executive, and why the Socialist Group has registered the request of Mariano Rajoy, the President of the Government, urgent summons for stating in the East new adjustment.<\/p>\n<p>10 billion of which talks about the Executive, has warned Valencia, would be between 10 and 12 per cent of the total resources of these systems, and has also pointed out that the Government has to explain, because only reported the figure in a &#8220;terse&#8221; press release, if such a cut will contemplate this year budgets.<\/p>\n<p> &lt; p&gt; &#8220;Erste Eingrenzung Ma\u00dfnahme: Bitte Ernst&#8221;, hat der stellvertretende Generalsekret\u00e4r der PSOE, der auch vorgeschlagen, die hat Espetado eine Anpassung dieser Gr\u00f6\u00dfenordnung &#8220;wird es schwierig, in die Taschen der Spanier nicht ber\u00fchrt sein.<\/p>\n<p>Elena Valenciano weist darauf hin, dass f\u00fcr die Sozialdemokraten, Gesundheit und Bildung sind&#8221;zwei roten Linien unpassierbar&#8221;und&#8221;ist n\u00f6tiger denn je&#8221;diese Dienste in einer Krise wie die aktuelle Situation zu gew\u00e4hrleisten.<\/p>\n","protected":false},"excerpt":{"rendered":"<p>Madrid, 9 APR ( EFE).-der stellvertretende Generalsekret\u00e4r der PSOE, Elena Valenciano, hat heute darauf hingewiesen, dass das Gesundheitssystem und die educational &#8220;keine 10000 Millionen Anpassung nachger\u00fcstet&#8221;, Abbildung, die die Regierung gab heute bekannt, dass es in beiden F\u00e4chern. rettet in Aussagen zu Reportern an die Abgeordnetenhaus, Valenciano ha Se\u00f1alado Que Dicho Ahorro, Que Deber\u00eda Llamarse [&hellip;]<\/p>\n","protected":false},"author":1,"featured_media":0,"comment_status":"close","ping_status":"open","sticky":false,"template":"","format":"standard","meta":{"footnotes":""},"categories":[3],"tags":[],"class_list":["post-24642","post","type-post","status-publish","format-standard","hentry","category-allgemeine","et-doesnt-have-format-content","et_post_format-et-post-format-standard"],"_links":{"self":[{"href":"https:\/\/www.best-dentist-dentistry.com\/de\/wp-json\/wp\/v2\/posts\/24642","targetHints":{"allow":["GET"]}}],"collection":[{"href":"https:\/\/www.best-dentist-dentistry.com\/de\/wp-json\/wp\/v2\/posts"}],"about":[{"href":"https:\/\/www.best-dentist-dentistry.com\/de\/wp-json\/wp\/v2\/types\/post"}],"author":[{"embeddable":true,"href":"https:\/\/www.best-dentist-dentistry.com\/de\/wp-json\/wp\/v2\/users\/1"}],"replies":[{"embeddable":true,"href":"https:\/\/www.best-dentist-dentistry.com\/de\/wp-json\/wp\/v2\/comments?post=24642"}],"version-history":[{"count":0,"href":"https:\/\/www.best-dentist-dentistry.com\/de\/wp-json\/wp\/v2\/posts\/24642\/revisions"}],"wp:attachment":[{"href":"https:\/\/www.best-dentist-dentistry.com\/de\/wp-json\/wp\/v2\/media?parent=24642"}],"wp:term":[{"taxonomy":"category","embeddable":true,"href":"https:\/\/www.best-dentist-dentistry.com\/de\/wp-json\/wp\/v2\/categories?post=24642"},{"taxonomy":"post_tag","embeddable":true,"href":"https:\/\/www.best-dentist-dentistry.com\/de\/wp-json\/wp\/v2\/tags?post=24642"}],"curies":[{"name":"wp","href":"https:\/\/api.w.org\/{rel}","templated":true}]}}