{"id":24802,"date":"2012-11-13T02:32:08","date_gmt":"2012-11-13T02:32:08","guid":{"rendered":null},"modified":"-0001-11-30T00:00:00","modified_gmt":"-0001-11-30T00:00:00","slug":"evo-morales-is-at-rest-since-two-days-ago-by-an-infection","status":"publish","type":"post","link":"https:\/\/www.best-dentist-dentistry.com\/de\/evo-morales-is-at-rest-since-two-days-ago-by-an-infection\/24802","title":{"rendered":"Evo Morales ruht seit zwei Tagen durch eine Infektion"},"content":{"rendered":"<p class=\"first\"> <span class=\"yshortcuts\" id=\"lw_1335312860_5\"> La Paz<\/span>, 24 APR (EFE).-<span class=\"yshortcuts\" id=\"lw_1335312860_1\"> Der Pr\u00e4sident von Bolivien<\/span>, <span class=\"yshortcuts\" id=\"lw_1335312860_0\"> Evo Morales<\/span>, leiden, eine Infektion, die ihn daran gehindert hat, sein Publikum in <span class=\"yshortcuts\" id=\"lw_1335312860_8\"> den letzten zwei Tagen<\/span> Adressierung Tagesordnung hat heute bekannt gegeben, seines Vizepr\u00e4sidenten Alvaro Garc\u00eda Linera.<\/p>\n<p>in einer Zeremonie in der n\u00f6rdlichen Region von Pando, an der Grenze zu Brasilien, sagte Linera, Morales, 52 Jahre, &#8220;hat eine starke Infektion gegeben&#8221;, obwohl er nicht was Typ. festlegte<\/p>\n<p>&#8220;\u00c4rzte haben ihn zwang, Aufenthalt in La Paz. reiste gestern nicht, heute war nicht in der Lage Reisen. Wir hoffen, dass morgen unser Pr\u00e4sident bereits wiederhergestellt werden kann, ist nicht etwas ernstes&#8221;, hinzugef\u00fcgt.<\/p>\n<p>Stunden sp\u00e4ter hat der Minister f\u00fcr Kommunikation, Amanda D\u00e1vila, sagte den Medien, dass Morales &#8220;ist eine gute Gesundheit&#8221; und darauf hingewiesen, dass er nur eine Infektion der Atemwege oder Grippe zwischen Sonntag und Montag, erlitten aber die heute wiederhergestellt, um die arbeiten normalerweise im Palast der Regierung.<\/p>\n<p>&#8220;Schon in den n\u00e4chsten Tagen der Pr\u00e4sident v\u00f6llig freie Grippe wird&#8221;, sagte Davila und stellte fest, dass Morales nicht reisen, um zu verhindern, dass die Temperatur in diesen Tagen seinen Kollegen gebeten haben \u00c4nderungen, die Sie beeinflussen.<\/p>\n<p>Morales im M\u00e4rz dieses Jahres wurde in einem privaten in der zentralen Stadt Cochabamba Klinik dringend interniert und ausgesetzt sein Zeitplan, nach der ersten offiziellen Fassungen f\u00fcr routinem\u00e4\u00dfige Vorsorgeuntersuchungen, aber dann die Regierung Quellen sprach von &#8220;M\u00fcdigkeit&#8221;, ohne vorherige Ank\u00fcndigung.<\/p>\n<p>&#8220;wie die Sonne)die MandatarInnen) geht zur Seite und diese Stelle nicht ertr\u00e4gt. sind sechs Jahre des Lebens, so der Pr\u00e4sident, die gleiche seit 22 Januar 2006 bis jetzt bewerten, und jede Maschine seine Probleme hat, &#8220;sagte dann Linera.<\/p>\n<p>Morales wurde zwei Tage sp\u00e4ter auf Empfehlung der \u00c4rzte&#8221;F\u00fcrsorge f\u00fcr seine Macht&#8221;entlassen und bereinigen ihre Mahlzeiten hinzugef\u00fcgt Quellen zu diesem Anlass Beamten.<\/p>\n<p>bekannt f\u00fcr wenig Schlaf und Beschw\u00f6rung von Botschafter oder Milit\u00e4r vor der Morgend\u00e4mmerung, Morales empfohlen im Januar, ihren Ministern, die sie schlafen gut, weil es ist wichtiger zu bleiben, um zu essen, da &rsquo;Wenn Sie nicht schlafen, man leicht verr\u00fcckt werden kann&rsquo;,.<\/p>\n<p>bolivianischen Pr\u00e4sidenten wurden im November 2010 der Sehnenentz\u00fcndung im linken Knie in der gleichen Klinik in Cochabamba die eingeliefert im M\u00e4rz dieses Jahres.<\/p>\n","protected":false},"excerpt":{"rendered":"<p>La Paz, 24 APR (EFE).- Der Pr\u00e4sident von Bolivien, Evo Morales, leiden, eine Infektion, die ihn daran gehindert hat, sein Publikum in den letzten zwei Tagen Adressierung Tagesordnung hat heute bekannt gegeben, seines Vizepr\u00e4sidenten Alvaro Garc\u00eda Linera. in einer Zeremonie in der n\u00f6rdlichen Region von Pando, an der Grenze zu Brasilien, sagte Linera, Morales, 52 [&hellip;]<\/p>\n","protected":false},"author":1,"featured_media":0,"comment_status":"close","ping_status":"open","sticky":false,"template":"","format":"standard","meta":{"footnotes":""},"categories":[3],"tags":[35701],"class_list":["post-24802","post","type-post","status-publish","format-standard","hentry","category-allgemeine","tag-us-vize-prsident","et-doesnt-have-format-content","et_post_format-et-post-format-standard"],"_links":{"self":[{"href":"https:\/\/www.best-dentist-dentistry.com\/de\/wp-json\/wp\/v2\/posts\/24802","targetHints":{"allow":["GET"]}}],"collection":[{"href":"https:\/\/www.best-dentist-dentistry.com\/de\/wp-json\/wp\/v2\/posts"}],"about":[{"href":"https:\/\/www.best-dentist-dentistry.com\/de\/wp-json\/wp\/v2\/types\/post"}],"author":[{"embeddable":true,"href":"https:\/\/www.best-dentist-dentistry.com\/de\/wp-json\/wp\/v2\/users\/1"}],"replies":[{"embeddable":true,"href":"https:\/\/www.best-dentist-dentistry.com\/de\/wp-json\/wp\/v2\/comments?post=24802"}],"version-history":[{"count":0,"href":"https:\/\/www.best-dentist-dentistry.com\/de\/wp-json\/wp\/v2\/posts\/24802\/revisions"}],"wp:attachment":[{"href":"https:\/\/www.best-dentist-dentistry.com\/de\/wp-json\/wp\/v2\/media?parent=24802"}],"wp:term":[{"taxonomy":"category","embeddable":true,"href":"https:\/\/www.best-dentist-dentistry.com\/de\/wp-json\/wp\/v2\/categories?post=24802"},{"taxonomy":"post_tag","embeddable":true,"href":"https:\/\/www.best-dentist-dentistry.com\/de\/wp-json\/wp\/v2\/tags?post=24802"}],"curies":[{"name":"wp","href":"https:\/\/api.w.org\/{rel}","templated":true}]}}