{"id":2484,"date":"2011-11-22T10:01:42","date_gmt":"2011-11-22T10:01:42","guid":{"rendered":null},"modified":"-0001-11-30T00:00:00","modified_gmt":"-0001-11-30T00:00:00","slug":"lula-enters-a-hospital-to-start-the-second-cycle-of-chemotherapy","status":"publish","type":"post","link":"https:\/\/www.best-dentist-dentistry.com\/de\/lula-enters-a-hospital-to-start-the-second-cycle-of-chemotherapy\/2484","title":{"rendered":"Lula tritt ein Krankenhaus um den zweiten Zyklus der Chemotherapie zu starten"},"content":{"rendered":"<p>Sao Paulo, 21 nov (EFE).-ehemalige brasilianische Pr\u00e4sident Luiz In\u00e1cio Lula da Silva trat heute in einem Krankenhaus in Sao Paulo, die zweite Runde der Chemotherapie auf Kehlkopfkrebs beginnen, die den Monat Vergangenheit. diagnostiziert wurde<\/p>\n<p>Lula, 66 Jahre, verwendet einen schwarzen Hut und ein Hemd der gleichen Farbe wenn er Montag von einem der seitlichen T\u00fcren des syrischen libanesischen Krankenhauses, das Unternehmen von seiner Frau Marisa Leticia, und seine pers\u00f6nlichen Fotografen, Ricardo Stuckert trat.<\/p>\n<p>Die Exmandatario erhielt eine Diagnose der Kehlkopfkrebs am 29. Oktober und zwei Tage sp\u00e4ter begann die Behandlung mit Chemotherapie in der gleichen Krankenhaus, die geht um medizinische routinem\u00e4\u00dfige Vorsorgeuntersuchungen<\/p>\n<p>Der Generalsekret\u00e4r des brasilianischen Vorsitzes, Gilberto Carvalho, ein pers\u00f6nlicher Freund von Lula, besuchte ihn in seinem Zimmer und sagte Journalisten, dass der Pr\u00e4sident gut sieht aus und f\u00fcr diese Phase der Behandlung animiert wird.<\/p>\n<p>Nach Carvalho Lula &#8220;ist, sicher, verr\u00fcckt, gehen Sie zur\u00fcck zu einem Forum&#8221; und erwartet Februar n\u00e4chsten Jahres, sobald fertig Behandlung kann zum \u00f6ffentlichen Leben zur\u00fcckzukehren und gehen Sie zu seinen Anh\u00e4ngern mit dem Gru\u00df &#8220;Gef\u00e4hrten, Kameraden&#8221; in ihren reden.<\/p>\n<p>Carvalho f\u00fcgte hinzu, dass Lula gl\u00fccklicher ist, weil sein Team, Corinthians, gestern Atl\u00e9tico Mineiro 2-1 schlagen und ist sehr nah an gewann die Meisterschaft Brasilien.<\/p>\n<p>&#8220;Nach diesem Ziel gestern von Hadrian, er ist sehr gl\u00fccklich,&#8221; sagt Carvalho auf den Geist von Lula, Direktor f\u00fcr das Leben der Korinther.<\/p>\n<p>Nach Roberto Kalil, Leibarzt von Lula, das ehemalige, das Pr\u00e4sident haben zu verbringen, heute im Krankenhaus und wenn es keine Nebenwirkungen einer Chemotherapie pr\u00e4sentieren, kann R\u00fcckkehren Dienstag zu seinem Haus in S\u00e3o Bernardo Campo, Gemeinde in der Regi\u00f3n Metropolitana de Sao Paulo.<\/p>\n<p>Lula <\/p>\n<p>von 66 Jahren, verwendet einen schwarzen Hut und ein Hemd der gleichen Farbe, wenn er von einem der seitlichen T\u00fcren des syrischen libanesischen Krankenhauses, das Unternehmen von seiner Frau Marisa Leticia und seine pers\u00f6nlichen Fotografen, Ricardo Stuckert Montag trat. EFE\/RICARDO STUCKERT\/Institut LULA<\/p>\n","protected":false},"excerpt":{"rendered":"<p>Sao Paulo, 21 nov (EFE).-ehemalige brasilianische Pr\u00e4sident Luiz In\u00e1cio Lula da Silva trat heute in einem Krankenhaus in Sao Paulo, die zweite Runde der Chemotherapie auf Kehlkopfkrebs beginnen, die den Monat Vergangenheit. diagnostiziert wurde Lula, 66 Jahre, verwendet einen schwarzen Hut und ein Hemd der gleichen Farbe wenn er Montag von einem der seitlichen T\u00fcren [&hellip;]<\/p>\n","protected":false},"author":1,"featured_media":0,"comment_status":"close","ping_status":"open","sticky":false,"template":"","format":"standard","meta":{"footnotes":""},"categories":[3],"tags":[9050],"class_list":["post-2484","post","type-post","status-publish","format-standard","hentry","category-allgemeine","tag-chemotherapie","et-doesnt-have-format-content","et_post_format-et-post-format-standard"],"_links":{"self":[{"href":"https:\/\/www.best-dentist-dentistry.com\/de\/wp-json\/wp\/v2\/posts\/2484","targetHints":{"allow":["GET"]}}],"collection":[{"href":"https:\/\/www.best-dentist-dentistry.com\/de\/wp-json\/wp\/v2\/posts"}],"about":[{"href":"https:\/\/www.best-dentist-dentistry.com\/de\/wp-json\/wp\/v2\/types\/post"}],"author":[{"embeddable":true,"href":"https:\/\/www.best-dentist-dentistry.com\/de\/wp-json\/wp\/v2\/users\/1"}],"replies":[{"embeddable":true,"href":"https:\/\/www.best-dentist-dentistry.com\/de\/wp-json\/wp\/v2\/comments?post=2484"}],"version-history":[{"count":0,"href":"https:\/\/www.best-dentist-dentistry.com\/de\/wp-json\/wp\/v2\/posts\/2484\/revisions"}],"wp:attachment":[{"href":"https:\/\/www.best-dentist-dentistry.com\/de\/wp-json\/wp\/v2\/media?parent=2484"}],"wp:term":[{"taxonomy":"category","embeddable":true,"href":"https:\/\/www.best-dentist-dentistry.com\/de\/wp-json\/wp\/v2\/categories?post=2484"},{"taxonomy":"post_tag","embeddable":true,"href":"https:\/\/www.best-dentist-dentistry.com\/de\/wp-json\/wp\/v2\/tags?post=2484"}],"curies":[{"name":"wp","href":"https:\/\/api.w.org\/{rel}","templated":true}]}}