{"id":24879,"date":"2012-11-13T02:50:02","date_gmt":"2012-11-13T02:50:02","guid":{"rendered":null},"modified":"-0001-11-30T00:00:00","modified_gmt":"-0001-11-30T00:00:00","slug":"environmental-experts-do-not-expect-anything-of-states-in-rio-20","status":"publish","type":"post","link":"https:\/\/www.best-dentist-dentistry.com\/de\/environmental-experts-do-not-expect-anything-of-states-in-rio-20\/24879","title":{"rendered":"Umweltexperten erwarten &#8220;irgendwas&#8221; von Staaten nicht in Rio + 20"},"content":{"rendered":"<p class=\"first\"> Paris, 12 jun (EFE).-environmental experts who will participate in the Summit of Rio + 20 in Brazil today in the presentation of the &#8220;Manifesto for the return to Earth&#8221; in Paris expected &#8220;nothing&#8221; of the States, secured so that their hope is starting &#8220;civil society&#8221;.<\/p>\n<p>&#8220;at the Summit there will be a confrontation between the countries of the North, worried about the crisis, and the emerging powers, interested only the growth in that and they don&rsquo;t want to not hear about ecological issues,&#8221; said researcher Alfredo Pena Vega, who signed the manifesto with the philosopher and French sociologist Edgar Morin.<\/p>\n<p>&#8220;I am optimistic, but only with regard to civil society&#8221;, &#8220;States I do not expect anything&#8221;, said Pena Vega.<\/p>\n<p>his voice joins the of environmentalist organizations such as World Wide Fund (WWF), which warned of the Risiko des Scheiterns des Gipfels durch das mangelnde Engagement der Herrscher oder Politiker wie der franz\u00f6sische Pr\u00e4sident Fran\u00e7ois Hollande, der, die die wirtschaftliche Situation und die internationalen Krisen als fragte die Syrien nicht vergessen die \u00f6kologischen Probleme.<\/p>\n<p>Brasilien, das Gastland der Konferenz, und von den M\u00e4chten mit besseren wirtschaftlichen Perspektiven war das meiste heute von ihrer Umwelt Politik kritisiert und insbesondere durch seine neue Forstwirtschaft Code, sehr aggressiv mit den Amazonas-Regenwald und das gef\u00e4hrdet die Lebensweise der St\u00e4mme in diesem Gebiet.<\/p>\n<p>&#8220;indigene V\u00f6lker und Bauern spielte Leben auf diesem Forum, aber wir spielen uns die Zukunft,&#8221; bemerkte der Pr\u00e4sident des Vereins Planeten Amazonia, Gert-Peter Bruch, wer auch die Pr\u00e4sentation des Dokuments besuchte.<\/p>\n<p>niedrig &#8220;den Titel&#8221; die Erde ist unruhig&#8221;, ein Seminar, das an der Universit\u00e4t von Rio De Janeiro von 18 bis 20 Juni parallel zum Gipfel stattfinden wird des Akzent auf die Notwendigkeit, die Sackgasse der petrochemischen Landwirtschaft wieder Tradition und die L\u00f6sungsvorschl\u00e4ge von der Bauernschaft der L\u00e4nder des S\u00fcdens&#8221;brechen&#8221;.<\/p>\n<p>seine Arbeit in der Stadt, die laut Experten&#8221;weit \u00fcbersteigt die Ergebnisse der intensiven industriellen Landwirtschaft&#8221;, werden Sterne in dieser Sitzung die zielt darauf ab, eine&#8221;gr\u00fcne Revolution&#8221;organisieren auf der Agro-\u00d6kologie.<\/p>\n<p>unter dem Vorsitz von Morin, das Seminar haben auch Politiker wie der \u00d6kologen Pr\u00e4sidentschafts-Excandidatas Eva Joly, Brasilien und Frankreich und Marina Silva, und der Minister der Regierung von Ecuador, Maria-Fernanda Espinosa.<\/p>\n<p>&#8220;Ist es notwendig, die Bande zwischen dem Norden und S\u00fcden, zwischen der Stadt und Landschaft zu st\u00e4rken&#8221;, sagte der Leiter der nationalen Verbandes des \u00f6kologischen Landbaus in den Regionen von Frankreich (FNAB) Stephanie Pageot, teilnahmen auch die Pr\u00e4sentation der Manifest.<\/p>\n<p>im Dokument, die Autoren sagen, dass&#8221; nur die l\u00e4ndliche Umgebung eine wirtschaftliche Renaissance nachhaltig in einer Perspektive des Umweltschutzes, der Erhaltung der nat\u00fcrlichen Ressourcen, Ern\u00e4hrungssicherung und der Lebensqualit\u00e4t erm\u00f6glichen.<\/p>\n<p>&#8220;wichtig ist, das Forum selbst, die B\u00fchne Post-River Beyond&#8221;, sagte Vega Pe\u00f1a \u00fcber die Umweltkonferenz gesponsert von den Vereinten Nationen, dem 100 Staats- und Regierungschefs und Delegationen aus mehr als 170 L\u00e4ndern unter die n\u00e4chsten 20 und 22 Juni zusammenkommen werden. EFE<\/p>\n","protected":false},"excerpt":{"rendered":"<p>Paris, 12 jun (EFE).-environmental experts who will participate in the Summit of Rio + 20 in Brazil today in the presentation of the &#8220;Manifesto for the return to Earth&#8221; in Paris expected &#8220;nothing&#8221; of the States, secured so that their hope is starting &#8220;civil society&#8221;. &#8220;at the Summit there will be a confrontation between the [&hellip;]<\/p>\n","protected":false},"author":1,"featured_media":0,"comment_status":"close","ping_status":"open","sticky":false,"template":"","format":"standard","meta":{"footnotes":""},"categories":[3],"tags":[],"class_list":["post-24879","post","type-post","status-publish","format-standard","hentry","category-allgemeine","et-doesnt-have-format-content","et_post_format-et-post-format-standard"],"_links":{"self":[{"href":"https:\/\/www.best-dentist-dentistry.com\/de\/wp-json\/wp\/v2\/posts\/24879","targetHints":{"allow":["GET"]}}],"collection":[{"href":"https:\/\/www.best-dentist-dentistry.com\/de\/wp-json\/wp\/v2\/posts"}],"about":[{"href":"https:\/\/www.best-dentist-dentistry.com\/de\/wp-json\/wp\/v2\/types\/post"}],"author":[{"embeddable":true,"href":"https:\/\/www.best-dentist-dentistry.com\/de\/wp-json\/wp\/v2\/users\/1"}],"replies":[{"embeddable":true,"href":"https:\/\/www.best-dentist-dentistry.com\/de\/wp-json\/wp\/v2\/comments?post=24879"}],"version-history":[{"count":0,"href":"https:\/\/www.best-dentist-dentistry.com\/de\/wp-json\/wp\/v2\/posts\/24879\/revisions"}],"wp:attachment":[{"href":"https:\/\/www.best-dentist-dentistry.com\/de\/wp-json\/wp\/v2\/media?parent=24879"}],"wp:term":[{"taxonomy":"category","embeddable":true,"href":"https:\/\/www.best-dentist-dentistry.com\/de\/wp-json\/wp\/v2\/categories?post=24879"},{"taxonomy":"post_tag","embeddable":true,"href":"https:\/\/www.best-dentist-dentistry.com\/de\/wp-json\/wp\/v2\/tags?post=24879"}],"curies":[{"name":"wp","href":"https:\/\/api.w.org\/{rel}","templated":true}]}}