{"id":2493,"date":"2011-11-22T18:01:21","date_gmt":"2011-11-22T18:01:21","guid":{"rendered":null},"modified":"-0001-11-30T00:00:00","modified_gmt":"-0001-11-30T00:00:00","slug":"ames-held-a-meeting-of-people-affected-by-myasthenia","status":"publish","type":"post","link":"https:\/\/www.best-dentist-dentistry.com\/de\/ames-held-a-meeting-of-people-affected-by-myasthenia\/2493","title":{"rendered":"AMES tagte der betroffenen von Myasthenie."},"content":{"rendered":"<p><strong>AMES tagte der betroffenen von Myasthenie.<\/strong> <\/p>\n<p><font size=\"2\"> <strong>Madrid, November 2011 &#8211;<\/strong> abzielen, Familie und alle Spanien betroffen, die Sitzung nahmen in ihre Er\u00f6ffnung Interventionen die B\u00fcrgermeister von Valladolid, Francisco Javier Le\u00f3n la Riva und die Provincial Delegaten von Valladolid, Rosa M\u00aa Tejero Mart\u00edn. <\/p>\n<p>Tages vorgestellten verschiedenen Workshops als die der  Achtsamkeit &#8221;, die geholfen haben die Teilnehmer lernen, wie man die Weisheit des K\u00f6rpers und des Geistes zu Gesicht Stress, Schmerzen und Krankheiten zu verwenden. Es umfasste auch zwei Pr\u00e4sentationen, die Informationen zur Verf\u00fcgung gestellt und Zweifel \u00fcber die Krankheit zu \u00fcberwinden und die psychologischen Aspekte in den betroffenen; sowie die Darstellung der verschiedenen Projekte von AMES, als Tele-Assistance Programm der Myasthenia Gravis betroffen. <\/p>\n<p>Myasthenie ist eine Krankheit unbekannten Ursprungs, chronische, autoimmune rund 6.000 Menschen in Spanien und zeichnet sich durch Schw\u00e4che und M\u00fcdigkeit von der Skelett oder Freiwillige aus den exklusiven K\u00f6rper Muskeln. Schw\u00e4che und M\u00fcdigkeit sind das Ergebnis einer Fehlfunktion in der neuromuskul\u00e4ren Synapse, die in den meisten F\u00e4llen durch die Existenz von einigen Antik\u00f6rpern verursacht wird, die neuromuskul\u00e4re \u00dcbertragung blockieren. <\/p>\n<p>Das Treffen fand letzten Samstag 12 November 2011 10:00 bis 14:00 Uhr, im zivilen Bereich s\u00fcdlich der Stadt Valladolid Centre (Juan \u00d6sterreich Plaza, Nr. 11 &#8211; Zimmer 24) <\/p>\n<p> um die PDF-Brosch\u00fcre der Begegnung von Menschen betroffen Myasthenia Gravis, angeborene und ihrer Familienangeh\u00f6rigen zu sehen, klicken Sie hier <\/p>\n<p>Web-Seite COCEMFE. <\/p>\n<p><\/font><\/p>\n","protected":false},"excerpt":{"rendered":"<p>AMES tagte der betroffenen von Myasthenie. Madrid, November 2011 &#8211; abzielen, Familie und alle Spanien betroffen, die Sitzung nahmen in ihre Er\u00f6ffnung Interventionen die B\u00fcrgermeister von Valladolid, Francisco Javier Le\u00f3n la Riva und die Provincial Delegaten von Valladolid, Rosa M\u00aa Tejero Mart\u00edn. Tages vorgestellten verschiedenen Workshops als die der Achtsamkeit &#8221;, die geholfen haben die [&hellip;]<\/p>\n","protected":false},"author":1,"featured_media":0,"comment_status":"close","ping_status":"open","sticky":false,"template":"","format":"standard","meta":{"footnotes":""},"categories":[3],"tags":[9077,9079,9078],"class_list":["post-2493","post","type-post","status-publish","format-standard","hentry","category-allgemeine","tag-ames","tag-myasthenie","tag-tagte","et-doesnt-have-format-content","et_post_format-et-post-format-standard"],"_links":{"self":[{"href":"https:\/\/www.best-dentist-dentistry.com\/de\/wp-json\/wp\/v2\/posts\/2493","targetHints":{"allow":["GET"]}}],"collection":[{"href":"https:\/\/www.best-dentist-dentistry.com\/de\/wp-json\/wp\/v2\/posts"}],"about":[{"href":"https:\/\/www.best-dentist-dentistry.com\/de\/wp-json\/wp\/v2\/types\/post"}],"author":[{"embeddable":true,"href":"https:\/\/www.best-dentist-dentistry.com\/de\/wp-json\/wp\/v2\/users\/1"}],"replies":[{"embeddable":true,"href":"https:\/\/www.best-dentist-dentistry.com\/de\/wp-json\/wp\/v2\/comments?post=2493"}],"version-history":[{"count":0,"href":"https:\/\/www.best-dentist-dentistry.com\/de\/wp-json\/wp\/v2\/posts\/2493\/revisions"}],"wp:attachment":[{"href":"https:\/\/www.best-dentist-dentistry.com\/de\/wp-json\/wp\/v2\/media?parent=2493"}],"wp:term":[{"taxonomy":"category","embeddable":true,"href":"https:\/\/www.best-dentist-dentistry.com\/de\/wp-json\/wp\/v2\/categories?post=2493"},{"taxonomy":"post_tag","embeddable":true,"href":"https:\/\/www.best-dentist-dentistry.com\/de\/wp-json\/wp\/v2\/tags?post=2493"}],"curies":[{"name":"wp","href":"https:\/\/api.w.org\/{rel}","templated":true}]}}