{"id":2494,"date":"2011-11-22T18:01:28","date_gmt":"2011-11-22T18:01:28","guid":{"rendered":null},"modified":"-0001-11-30T00:00:00","modified_gmt":"-0001-11-30T00:00:00","slug":"inauguration-of-the-8th-national-congress-of-surgical-nursing","status":"publish","type":"post","link":"https:\/\/www.best-dentist-dentistry.com\/de\/inauguration-of-the-8th-national-congress-of-surgical-nursing\/2494","title":{"rendered":"Einweihung des 8. National Congress der chirurgischen Krankenpflege."},"content":{"rendered":"<p><strong>Er\u00f6ffnung der 8. Nationalkongress der Krankenpflege chirurgische. <br \/><\/strong> <\/p>\n<p> <font size=\"2\">-das Ereignis gez\u00e4hlt mit der Anwesenheit von B\u00fcrgermeister von Gij\u00f3n, Carmen Moriy\u00f3n und dem Generaldirektor der \u00f6ffentlichen Gesundheit von Asturien, Alberto Fern\u00e1ndez Le\u00f3n <\/p>\n<p> <strong>Gij\u00f3n, November 2011 &#8211;<\/strong> Mittwoch 16 November zuletzt am 09:30 begann im Palast der Kongresse Exhibition Centre Luis Adaro von Gij\u00f3n, der 8. Nationalkongress von chirurgischen Krankenpflege, organisiert von der spanischen Vereinigung der Krankenpflege chirurgische AEEQ, unter dem Motto  implementieren die Zukunft &#8221;. <\/p>\n<p>Die Er\u00f6ffnungsfeier nahmen Carmen Moriy\u00f3n, B\u00fcrgermeister von Gij\u00f3n, Alberto Fernandez, Generaldirektor der \u00f6ffentlichen Gesundheit von Asturien, Angela Escribano H\u00e4user, Pr\u00e4sident der AEEQ und Esteban G\u00f3mez Su\u00e1rez, Pr\u00e4sident dieses Treffens und ein Mitglied der spanischen Vereinigung der Krankenpflege chirurgische AEEQ. <\/p>\n<p>Das wissenschaftliche Programm wurde bis Freitag, 18. November entwickelt. Nach der offiziellen Er\u00f6ffnung, Professor des College von Gij\u00f3n, Enrique Oltra Rodr\u00edguez, der Er\u00f6ffnungskonferenz mit dem Titel  Geschichte der Krankenpflege. Eine Perspektive aus eine kleine Chirurgie &#8221;. Dann 4 Diskussionsrunden entwickelt:  Fast-Track &#8221;,  Ergonomie &#8221;, F\u00e4higkeiten und Weiterbildung in der chirurgischen Krankenpflege &#8221; und  Pflege chirurgische Solidarit\u00e4t &#8221;. Der Tag enthalten eine Konferenz  Forschung, die Verwendung von den besten wissenschaftlichen Erkenntnissen &#8221;, \u00fcbermittelt von \u00d3scar Rayon in der Nachbarschaft; Krankenschwester im Hospital Universitario Marqu\u00e9s Valdecilla in Santander. <\/p>\n<p>Donnerstag, November 17, das Programm begann um 09:00 mit einem runden Tisch zum Thema  Transplantation &#8221;, moderiert von Benjamin Otero Garc\u00eda; Koordinator der Transplantationen von Asturien. Bei 11:00 Traumatologist Xavier Manibens Bertran, einen Vortrag mit dem Titel  OP Krankenschwester in humanit\u00e4re &#8221;. Gefolgt von zwei Konferenzen  klinische praktische Leitlinien f\u00fcr die Sicherheit der chirurgischen Patienten &#8221; und  OP Krankenschwester aus der Perspektive der Gattung &#8221;, mit drei Runden Tischen:  Klasse auf die Spezialisierung. Perspektive des Berufs &#8221;,  Methodik Krankenschwester in der chirurgischen Verfahren. Viel zu tun, &#8230; &#8221; und  Sicherheit bei der chirurgischen &#8221; entwickelt von 18:15 Uhr; moderiert von Carlos Pozo L\u00f3pez, Krankenschwester im OP-Saal des Krankenhaus Moncloa in Madrid. <\/p>\n<p>Die achte Auflage des j\u00e4hrlichen Kongresses endete am vergangenen Freitag 18 mit einer Konferenz  rechtliche Aspekte der Arbeit im OP-Saal. Sicherheit und Datenschutz &#8221; und einen runden Tisch  Gesundheit 2.0 und Pflege &#8221;. Der Philosoph Gustavo Bueno ist verantwortlich f\u00fcr die Abschlusskonferenz auszusprechen. <\/p>\n<p>Das Programm umfasste Verteidigung der Plakate und Kommunikation auf dem Tisch, mit Assistent Profis. In dieser Ausgabe wurden insgesamt 162 Kommunikation, m\u00fcndliche 53 und 109 Poster. <\/p>\n<p>Das Closing-Ereignis, mit der Anwesenheit von Rub\u00e9n Mart\u00edn Payo, Prodekan der Fakult\u00e4t f\u00fcr Medizin und Gesundheitswissenschaften der Universit\u00e4t Oviedo gez\u00e4hlt. In diesem Gesetz der Vorsitzende des wissenschaftlichen Ausschusses, Javier Gonz\u00e1lez Requejo, Lesen der Schlussfolgerungen des Kongresses und die Awards erhielten die best Oral and Poster in. <\/p>\n<p>Dieser Kongress gez\u00e4hlt mit der Teilnahme von mehr als 40 im Zusammenhang mit chirurgischen Krankenpflege Profis, zwischen Referenten und Moderatoren und mehr als 400 Teilnehmer aus allen Spanien. <\/p>\n<p>Dieser Kongress wird durch das Ministerium f\u00fcr Gesundheit, Soziales und Chancengleichheit und das Gesundheitsministerium von Asturien Interesse Gesundheit erkannt. <\/p>\n<p><strong>Nationale Vereinigung der chirurgischen Pflege<\/strong> <\/p>\n<p>Die AEEQ ist ein gemeinn\u00fctziger Verein. Seine wichtigsten Ziele sind die Figur der chirurgischen Krankenschwestern auf nationaler und internationaler Ebene, die das Kollektiv der chirurgischen Krankenpflege in verschiedenen Foren zu f\u00f6rdern (Ministerium, Autonome Gemeinschaften, International, andere Personen &#8230;), um die Beziehung mit anderen Fachgesellschaften im Zusammenhang mit den chirurgischen Patienten zu f\u00f6rdernals Antwort auf die Anliegen der chirurgischen Krankenpflege Profis, Forderungen Sie der Ausbildung von Fachleuten an und f\u00f6rdern Sie und generieren Sie Dienstleistungen abzielen, die Partner zu. <\/p>\n<p><\/font><\/p>\n","protected":false},"excerpt":{"rendered":"<p>Er\u00f6ffnung der 8. Nationalkongress der Krankenpflege chirurgische. -das Ereignis gez\u00e4hlt mit der Anwesenheit von B\u00fcrgermeister von Gij\u00f3n, Carmen Moriy\u00f3n und dem Generaldirektor der \u00f6ffentlichen Gesundheit von Asturien, Alberto Fern\u00e1ndez Le\u00f3n Gij\u00f3n, November 2011 &#8211; Mittwoch 16 November zuletzt am 09:30 begann im Palast der Kongresse Exhibition Centre Luis Adaro von Gij\u00f3n, der 8. Nationalkongress von [&hellip;]<\/p>\n","protected":false},"author":1,"featured_media":0,"comment_status":"close","ping_status":"open","sticky":false,"template":"","format":"standard","meta":{"footnotes":""},"categories":[3],"tags":[9080,9079],"class_list":["post-2494","post","type-post","status-publish","format-standard","hentry","category-allgemeine","tag-chirurgische","tag-myasthenie","et-doesnt-have-format-content","et_post_format-et-post-format-standard"],"_links":{"self":[{"href":"https:\/\/www.best-dentist-dentistry.com\/de\/wp-json\/wp\/v2\/posts\/2494","targetHints":{"allow":["GET"]}}],"collection":[{"href":"https:\/\/www.best-dentist-dentistry.com\/de\/wp-json\/wp\/v2\/posts"}],"about":[{"href":"https:\/\/www.best-dentist-dentistry.com\/de\/wp-json\/wp\/v2\/types\/post"}],"author":[{"embeddable":true,"href":"https:\/\/www.best-dentist-dentistry.com\/de\/wp-json\/wp\/v2\/users\/1"}],"replies":[{"embeddable":true,"href":"https:\/\/www.best-dentist-dentistry.com\/de\/wp-json\/wp\/v2\/comments?post=2494"}],"version-history":[{"count":0,"href":"https:\/\/www.best-dentist-dentistry.com\/de\/wp-json\/wp\/v2\/posts\/2494\/revisions"}],"wp:attachment":[{"href":"https:\/\/www.best-dentist-dentistry.com\/de\/wp-json\/wp\/v2\/media?parent=2494"}],"wp:term":[{"taxonomy":"category","embeddable":true,"href":"https:\/\/www.best-dentist-dentistry.com\/de\/wp-json\/wp\/v2\/categories?post=2494"},{"taxonomy":"post_tag","embeddable":true,"href":"https:\/\/www.best-dentist-dentistry.com\/de\/wp-json\/wp\/v2\/tags?post=2494"}],"curies":[{"name":"wp","href":"https:\/\/api.w.org\/{rel}","templated":true}]}}