{"id":25051,"date":"2012-11-14T02:54:54","date_gmt":"2012-11-14T02:54:54","guid":{"rendered":null},"modified":"-0001-11-30T00:00:00","modified_gmt":"-0001-11-30T00:00:00","slug":"Die-NRO-strebt-die-G20-Verschieben-von-Versprechungen-mit-Fakten-in-Los-Cabos","status":"publish","type":"post","link":"https:\/\/www.best-dentist-dentistry.com\/de\/Die-NRO-strebt-die-G20-Verschieben-von-Versprechungen-mit-Fakten-in-Los-Cabos\/25051","title":{"rendered":"Die NRO strebt die G20 Verschieben von Versprechungen mit Fakten in Los Cabos"},"content":{"rendered":"<p>&#8220;<\/p>\n<p class=\"first\"> Mexiko, 17 jun (EFE).-NRO, die sich mit der Gruppe der zwanzig (<span class=\"yshortcuts\"id=\"lw_1339922609_2\"> G20<\/span>) auf dem Gipfel in <span class=\"yshortcuts\"id=\"lw_1339922609_0\"> Los Cabos<\/span>, die die Versprechungen \u00fcberwunden werden gebeten unerf\u00fcllt vorherige Termine, konkrete Ma\u00dfnahmen gegen Hunger, Armut und Arbeitslosigkeit und die Reihenfolge, in der internationalen Finanzwelt und Wachstum setzen Teilnehmer gr\u00fcn. nehmen<\/p>\n<p>einige&#8221;Altermundistas&#8221;gekommen, um den Termin in Los Cabos mit Skepsis, verd\u00e4chtige vor dem Staats-und Regierungschefs geladen, dass&#8221;ihnen fehlen politischen Legitimit\u00e4t&#8221;in diesem Forum von Industrie- und Schwellenl\u00e4ndern, <span class=\"yshortcuts\"id=\"lw_1339922609_8\"> EfE<\/span> sagte einer von ihnen, der Pr\u00e4sident des mexikanischen Aktion Netzwerks \u00fcber den freien Handel (Rmalc), <span class=\"yshortcuts\"id=\"lw_1339922609_1\"> Alejandro Villamar<\/span>.<\/p>\n<p>&#8220;&#8221;Globalisierung uns entspricht, zur H\u00f6lle, und die L\u00fccke der Ungleichheit ist gewachsen, nicht nur zwischen dem ersten und L\u00e4ndern der dritten Welt, sondern in das Innere eines jeden Landes&#8221;, <span class=\"yshortcuts\" id=\"lw_1339922609_7\"> erkl\u00e4rt Villamar<\/span>, Mitglied der mexikanischen Koalition gegen den G20-Gipfel (www.coaliciong20.org), wer arbeitet in den Vorschl\u00e4gen der Zivilgesellschaft auf die Gipfel.<\/p>\n<p>Auffassung die Aktivist in Los Cabos Schwellenl\u00e4nder des G20-Gipfels werden als Herausforderung &#8220;, die sich bewegen nicht laden sie&#8221; Rettungsaktionen und Sparpolitiken, die in entstanden entwickelten Gebieten wie der Europ\u00e4ischen Union.<\/p>\n<p>Zivilgesellschaft wird erneut gefragt werden, wichtige Ma\u00dfnahmen wie die Verordnung des spekulativen Kapitals, die Kapitalstr\u00f6me, besser \u00fcberwachen wird, dass Steueroasen zu streichen und die Stabilit\u00e4t der Preise f\u00fcr Grundnahrungsmittel, unter anderen Ma\u00dfnahmen. bewahren<\/p>\n<p>diese they are &#8220;minimal&#8221; which in other appointments of the G20 in Toronto, Seoul and Cannes have been to some extent present in the final declarations, but that still does not have become reality.<\/p>\n<p>activists believe that, like last year, Mexican G20 Summit the European crisis may condition many of the decisions that are taken.<\/p>\n<p>in an interview with the executive director of Oxfam-Mexico, Carlos Zarco, Efe said that &#8220;without doubt&#8221; the meeting in Los Cabos will be &#8220;marked by the European crisis&#8221;, something that has already happened in last November in Cannes (France).<\/p>\n<p>therefore the message that NGOs be sent to leaders is that &#8220;economic growth without social inclusion and environmental sustainability we would, without a doubt, the abyss&#8221;.<\/p>\n<p>Zarco believes that it is time to agreements, to move from promises to facts and, above all, so that &#8220;the gro\u00dfe Volkswirtschaften der Welt setzen im Beispiel&#8221;mit Ma\u00dfnahmen wie ein Kampf&#8221;entschieden&#8221;gegen die Steueroasen, mit der Einf\u00fchrung der&#8221;gerechtere&#8221;Steuersysteme und mit&#8221;regul\u00e4ren Volatilit\u00e4t der Preise&#8221;der Grundnahrungsmittel zur Eind\u00e4mmung der Unsicherheit Essen.<\/p>\n<p>laut Oxfam, gibt es derzeit&#8221; sehr nahe &#8220;1 Milliarde Menschen in Situationen des Hungers&#8221;.<\/p>\n<p>Zarco lenkt die Aufmerksamkeit auf ein anderes Ph\u00e4nomen Schwellen- und sorgen: die Verarmung und wachsende Unsicherheit \u00fcber die Zukunft von Millionen von Menschen in einigen Volkswirtschaften erweiterte.<\/p>\n<p>&#8220;Ph\u00e4nomen heute ist Klassen Socken, die im Verbrauch und Wohlfahrt, installiert worden w\u00fcrden wir sagen, rechts, werden unten. und konzentriert sich die Reaktion der B\u00fcrger in vielen L\u00e4ndern diese Mittelschicht gekr\u00e4nkt durch die Auswirkungen der Krise&#8221;, sagte.<\/p>\n<p> &lt; p &#8220;&gt; An dieser Stelle zivilgesellschaftliche Organisationen erwarten &#8220;F\u00fchrung ganz klar&#8221; aufstrebenden Volkswirtschaften im Hinblick auf die Notwendigkeit, &#8220;Wachstum mit der Gleichstellung zu harmonisieren oder den Zugriff auf Wohlfahrt&#8221;.<\/p>\n<p>Oxfam Aktivist lenkt die Aufmerksamkeit auf die Tatsache, das einige dieser am wenigsten entwickelt aber boomenden Volkswirtschaften &#8220;sind mehrere der Rettungsaktionen, die in Europa werden, beitragen&#8221;, etwas, das galt als &#8220;historisch neuartige&#8221; wichtig, leiten Sie einen Ausweg aus der Krise in einer Weise empfindlich.<\/p>\n<p>&#8220;Ich glaube, dass sie beide die Vollmacht verlangen eine st\u00e4rkere Demokratisierung der internationalen Finanzstruktur&#8221; als die F\u00e4higkeit, &#8220;zeigen, dass es m\u00f6glich ist, das Wirtschaftswachstum (&#8230;) mit der Agenda zur Bek\u00e4mpfung von Ungleichheit, die die gro\u00dfe Steigung ist in Einklang zu bringen&#8221;, sagte.<\/p>\n<p>schlie\u00dflich Zarco befand Dieses Los Cabos werden wohl &#8220;mehr Transparenz und mehr partizipative G20-Treffen&#8221; durch den Raum, die von der mexikanischen Pr\u00e4sidentschaft an der NRO.<\/p>\n<p>die gro\u00dfe Frage ist, um zu wissen, wie viele Nachrichten von den Organisationen geliefert werden sie in der Abschlusserkl\u00e4rung reflektiert und sie werden getragen von den F\u00fchrern, wie es der Fall in Cannes-2011 war<\/p>\n<p>Alberto Cabezas<\/p>\n<p>Pr\u00e4sident des mexikanischen Aktion Netzwerks \u00fcber Freihandel und Mitglied der mexikanischen Koalition gegen den G20-Gipfel, Alejandro Villamar. WireImage \/<\/p>\n","protected":false},"excerpt":{"rendered":"<p>&#8220; Mexiko, 17 jun (EFE).-NRO, die sich mit der Gruppe der zwanzig ( G20) auf dem Gipfel in Los Cabos, die die Versprechungen \u00fcberwunden werden gebeten unerf\u00fcllt vorherige Termine, konkrete Ma\u00dfnahmen gegen Hunger, Armut und Arbeitslosigkeit und die Reihenfolge, in der internationalen Finanzwelt und Wachstum setzen Teilnehmer gr\u00fcn. nehmen einige&#8221;Altermundistas&#8221;gekommen, um den Termin in Los [&hellip;]<\/p>\n","protected":false},"author":1,"featured_media":0,"comment_status":"close","ping_status":"open","sticky":false,"template":"","format":"standard","meta":{"footnotes":""},"categories":[3],"tags":[35850],"class_list":["post-25051","post","type-post","status-publish","format-standard","hentry","category-allgemeine","tag-versprechungen","et-doesnt-have-format-content","et_post_format-et-post-format-standard"],"_links":{"self":[{"href":"https:\/\/www.best-dentist-dentistry.com\/de\/wp-json\/wp\/v2\/posts\/25051","targetHints":{"allow":["GET"]}}],"collection":[{"href":"https:\/\/www.best-dentist-dentistry.com\/de\/wp-json\/wp\/v2\/posts"}],"about":[{"href":"https:\/\/www.best-dentist-dentistry.com\/de\/wp-json\/wp\/v2\/types\/post"}],"author":[{"embeddable":true,"href":"https:\/\/www.best-dentist-dentistry.com\/de\/wp-json\/wp\/v2\/users\/1"}],"replies":[{"embeddable":true,"href":"https:\/\/www.best-dentist-dentistry.com\/de\/wp-json\/wp\/v2\/comments?post=25051"}],"version-history":[{"count":0,"href":"https:\/\/www.best-dentist-dentistry.com\/de\/wp-json\/wp\/v2\/posts\/25051\/revisions"}],"wp:attachment":[{"href":"https:\/\/www.best-dentist-dentistry.com\/de\/wp-json\/wp\/v2\/media?parent=25051"}],"wp:term":[{"taxonomy":"category","embeddable":true,"href":"https:\/\/www.best-dentist-dentistry.com\/de\/wp-json\/wp\/v2\/categories?post=25051"},{"taxonomy":"post_tag","embeddable":true,"href":"https:\/\/www.best-dentist-dentistry.com\/de\/wp-json\/wp\/v2\/tags?post=25051"}],"curies":[{"name":"wp","href":"https:\/\/api.w.org\/{rel}","templated":true}]}}