{"id":25099,"date":"2012-11-14T03:28:09","date_gmt":"2012-11-14T03:28:09","guid":{"rendered":null},"modified":"-0001-11-30T00:00:00","modified_gmt":"-0001-11-30T00:00:00","slug":"caritas-calls-for-the-eu-to-guarantee-the-right-to-food-beyond-2015","status":"publish","type":"post","link":"https:\/\/www.best-dentist-dentistry.com\/de\/caritas-calls-for-the-eu-to-guarantee-the-right-to-food-beyond-2015\/25099","title":{"rendered":"Caritas fordert die EU das Recht auf Nahrung nach 2015 zu gew\u00e4hrleisten"},"content":{"rendered":"<p class=\"first\"> Br\u00fcssel, 17.10. (EFE).-die NGO Caritas Europa appellierte heute an der Europ\u00e4ischen Union (EU) zu garantieren das Recht aller B\u00fcrger auf einem macht \u00fcber 2015 Frist f\u00fcr die Verwirklichung der so genannten Millenniums-Entwicklungsziele der Verringerung der Armut und Hunger in der Welt.<\/p>\n<p>diese nichtstaatliche Organisation (NGO), zum internationalen Tag f\u00fcr die Beseitigung der Armut, fordert die Beh\u00f6rden der EU orientieren ihre Politik Unterst\u00fctzung, Handel und Investitionen, um sicherzustellen, dass &#8220;sie wirksamer Beitrag&#8221; Lebensmittel nach 2015 Sicherheit.<\/p>\n<p>&#8220;garantierten Zugang zu angemessenen und sicheren Lebensmitteln ist ein universelles, menschliche Recht, die alle L\u00e4nder der internationalen Gemeinschaft verpflichtet sind, zu respektieren, zu sch\u00fctzen und zu erf\u00fcllen,&#8221; sagte Caritas Europa in einem Kommuniqu\u00e9.<\/p>\n<p>f\u00fcr Organisation, die EU als wichtigsten Partner in der Welt, in der Landwirtschaft &#8220;hat eine besondere Verantwortung&#8221; auf diese Frage.<\/p>\n<p>&#8220;nach der erhebliche Auswirkungen auf die globale Ern\u00e4hrungssicherheit und ihren Verpflichtungen f\u00fcr die Menschenrechte, hat muss Europa internationale F\u00fchrung zu verteidigen, das Recht auf Nahrung,&#8221; sagte der Organisation.<\/p>\n<p>auf jeden Fall Caritas Europa erkl\u00e4rte, es unterst\u00fctzt den Europ\u00e4ischen zugunsten der Ern\u00e4hrungssicherung, politischen Rahmens sowie Start-up Start-up-Pl\u00e4ne planen und verlangt die Anwendung im Rahmen eines formellen Mechanismus, um Beschwerden im Zusammenhang mit dem Zugang zu senden auf die Lebensmittel.<\/p>\n<p>aufgefordert, die Marktreformen auch die EU-Entwicklungspolitik zur gemeinsamen Agrarpolitik (GAP), verkn\u00fcpfen Europ\u00e4ische (seiner Meinung nach die Spekulation auf den Rohstoffm\u00e4rkten zu beeinflussen) und f\u00fcr Ma\u00dfnahmen im Bereich Energie (F\u00f6rderung von Biokraftstoffen).<\/p>\n<p>schlie\u00dflich Caritas in Betracht gezogen, dass die EU zur Unterst\u00fctzung der L\u00e4nder zur Gestaltung ihrer eigenen nationalen Strategien und Programme Bezug auf das Recht auf angemessene und sichere Lebensmittel und nahrhafte weiterhin.<\/p>\n<p>Caritas Europa werden diese Anspr\u00fcche zu verteidigen, w\u00e4hrend seiner Rede bei der Konferenz, organisiert von der Europ\u00e4ischen Kommission &#8220;Europ\u00e4ische Entwicklungstage&#8221; heute. EFE<\/p>\n","protected":false},"excerpt":{"rendered":"<p>Br\u00fcssel, 17.10. (EFE).-die NGO Caritas Europa appellierte heute an der Europ\u00e4ischen Union (EU) zu garantieren das Recht aller B\u00fcrger auf einem macht \u00fcber 2015 Frist f\u00fcr die Verwirklichung der so genannten Millenniums-Entwicklungsziele der Verringerung der Armut und Hunger in der Welt. diese nichtstaatliche Organisation (NGO), zum internationalen Tag f\u00fcr die Beseitigung der Armut, fordert die [&hellip;]<\/p>\n","protected":false},"author":1,"featured_media":0,"comment_status":"close","ping_status":"open","sticky":false,"template":"","format":"standard","meta":{"footnotes":""},"categories":[3],"tags":[35894],"class_list":["post-25099","post","type-post","status-publish","format-standard","hentry","category-allgemeine","tag-caritas","et-doesnt-have-format-content","et_post_format-et-post-format-standard"],"_links":{"self":[{"href":"https:\/\/www.best-dentist-dentistry.com\/de\/wp-json\/wp\/v2\/posts\/25099","targetHints":{"allow":["GET"]}}],"collection":[{"href":"https:\/\/www.best-dentist-dentistry.com\/de\/wp-json\/wp\/v2\/posts"}],"about":[{"href":"https:\/\/www.best-dentist-dentistry.com\/de\/wp-json\/wp\/v2\/types\/post"}],"author":[{"embeddable":true,"href":"https:\/\/www.best-dentist-dentistry.com\/de\/wp-json\/wp\/v2\/users\/1"}],"replies":[{"embeddable":true,"href":"https:\/\/www.best-dentist-dentistry.com\/de\/wp-json\/wp\/v2\/comments?post=25099"}],"version-history":[{"count":0,"href":"https:\/\/www.best-dentist-dentistry.com\/de\/wp-json\/wp\/v2\/posts\/25099\/revisions"}],"wp:attachment":[{"href":"https:\/\/www.best-dentist-dentistry.com\/de\/wp-json\/wp\/v2\/media?parent=25099"}],"wp:term":[{"taxonomy":"category","embeddable":true,"href":"https:\/\/www.best-dentist-dentistry.com\/de\/wp-json\/wp\/v2\/categories?post=25099"},{"taxonomy":"post_tag","embeddable":true,"href":"https:\/\/www.best-dentist-dentistry.com\/de\/wp-json\/wp\/v2\/tags?post=25099"}],"curies":[{"name":"wp","href":"https:\/\/api.w.org\/{rel}","templated":true}]}}