{"id":25161,"date":"2012-11-15T02:30:36","date_gmt":"2012-11-15T02:30:36","guid":{"rendered":null},"modified":"-0001-11-30T00:00:00","modified_gmt":"-0001-11-30T00:00:00","slug":"hundreds-of-people-expressed-their-indignation-by-cuts-in-health","status":"publish","type":"post","link":"https:\/\/www.best-dentist-dentistry.com\/de\/hundreds-of-people-expressed-their-indignation-by-cuts-in-health\/25161","title":{"rendered":"Hunderte von Menschen zum Ausdruck gebracht, ihre &#8220;Emp\u00f6rung&#8221; von K\u00fcrzungen im Gesundheitswesen"},"content":{"rendered":"<p class=\"first\"> <span class=\"yshortcuts\" id=\"lw_1334490502_0\"> Zaragoza<\/span>, 15 Apr (EFE).-mehrere hundert Menschen demonstriert in Zaragoza ausgedr\u00fcckt werden ihre &#8220;Emp\u00f6rung&#8221; durch die Schnitte und die Privatisierung des <span class=\"yshortcuts\" id=\"lw_1334490502_3\"> Gesundheitswesens<\/span> und in der Verteidigung eine \u00f6ffentliche, kostenlose <span class=\"yshortcuts\" id=\"lw_1334490502_4\"> Gesundheitssystem<\/span> und universelle<\/p>\n<p>Demonstranten, einberufen von der <span class=\"yshortcuts\" id=\"lw_1334490502_5\"> Plattform<\/span> gegen die Privatisierung der <span class=\"yshortcuts\" id=\"lw_1334490502_1\"> Gesundheit von Aragon<\/span>, ging letzten Stunden mittags von der Plaza San Miguel de Zaragoza zu gehen, durch das Zentrum der Stadt, das Plaza del Pilar, wo vor der Delegation der Regierung ein Manifest lesen.<\/p>\n<p>Mit dieser Protest, tragen Motto &#8220;Wir ber\u00fchren nicht Gesundheitsversorgung,&#8221; nach Demetrio Calvo, Mitglied der Plattform, zielt darauf ab, soll zeigen, &#8220;Emp\u00f6rung&#8221; von was jetzt auf eine Privatisierung von der Gesundheitsf\u00fcrsorge geschieht.<\/p>\n<p>Calvo in Erkl\u00e4rungen f\u00fcr die Medien vor dem Starten der Demo. &#8220;sie werden lachen \u00fcber uns mit guten Worten, aber was sie allm\u00e4hlich in Arag\u00f3n langsamer wollen als an anderen Orten wie Madrid, Katalonien und Valencia, ist das System, privatisieren&#8221; hinzugef\u00fcgt<\/p>\n<p>aus seiner Sicht ist ein System &#8220;wirklich effizient&#8221;, &#8220;nachhaltige&#8221; und eine der besten in Europa, w\u00e4hrend in Spanien es f\u00fcr Gesundheit zwischen einem 6,3 und 6,5 Prozent des nationalen Reichtums gibt bei der europ\u00e4ische Durchschnitt 7,5 Prozent.<\/p>\n<p>Calvo hat angeprangert, dass was passiert, wenn Es scheint &#8220;perfekt nachhaltige ist Korruption und Steuerbetrug,&#8221; als w\u00e4re es in Spanien, die H\u00e4lfte davon ist zu diesem Zeitpunkt &#8220;w\u00fcrde nicht Fehlen jeglicher Art von Anpassung&#8221;.<\/p>\n<p>auf Beton, nur mit 10 Prozent was entgehen die reichen und Superreichen &#8220;w\u00fcrde ausreichen, um die L\u00f6sung aller wirtschaftlichen Probleme des Gesundheitssystems&#8221;, hat best\u00e4tigt.<\/p>\n<p>hat auch betont, dass Gesundheit ein &#8220;gro\u00dfes Gesch\u00e4ft f\u00fcr gro\u00dfe Unternehmen im Bereich&#8221; sein kann, dass sie &#8220;die Z\u00e4hne zu bekommen&#8221;, aber sie wollen kann nicht tun, w\u00e4hrend sie \u00f6ffentlich kontrolliert wird und wer, daher haben it. privatisieren<\/p>\n<p>die Demonstration heute, wo transparente mit Parolen wurden &#8220;Uns verteidigen oder zerst\u00f6ren uns&#8221;, immer \u00f6ffentliche! &#8220;Gesundheit und Bildung&#8221;, laut Natalia Barrado, Mitglied der Hostplattform ist ein weiterer Schritt um anzuprangern, K\u00fcrzungen und Privatisierungen, die in allen Zeiten und bei der Verteidigung der Volksgesundheit. begangen wurden<\/p>\n<p>&#8220;Dagegen war v\u00f6llig \u00fcber den Schnitt von 10 Milliarden Euro in Bildung und Gesundheit sowohl bis gesamte Privatisierungspolitik der Regierung von Aragon Durchf\u00fchrung ist&#8221;, wurde hinzugef\u00fcgt.<\/p>\n<p>hatte die Demonstration, in der wei\u00dfen, M\u00e4ntel von Vertretern der politischen Parteien, der PSOE, CHA e IU, Gewerkschaften und anderen Organisationen, wie die Plattform f\u00fcr Arbeitnehmer der Vertr\u00e4ge des Stadtrates, Gr\u00fcne Flut, Montage von Lehrern und den Parlamenten in der Nachbarschaft von 15 M. besucht worden<\/p>\n","protected":false},"excerpt":{"rendered":"<p>Zaragoza, 15 Apr (EFE).-mehrere hundert Menschen demonstriert in Zaragoza ausgedr\u00fcckt werden ihre &#8220;Emp\u00f6rung&#8221; durch die Schnitte und die Privatisierung des Gesundheitswesens und in der Verteidigung eine \u00f6ffentliche, kostenlose Gesundheitssystem und universelle Demonstranten, einberufen von der Plattform gegen die Privatisierung der Gesundheit von Aragon, ging letzten Stunden mittags von der Plaza San Miguel de Zaragoza zu [&hellip;]<\/p>\n","protected":false},"author":1,"featured_media":0,"comment_status":"close","ping_status":"open","sticky":false,"template":"","format":"standard","meta":{"footnotes":""},"categories":[3],"tags":[35962],"class_list":["post-25161","post","type-post","status-publish","format-standard","hentry","category-allgemeine","tag-fuball-die","et-doesnt-have-format-content","et_post_format-et-post-format-standard"],"_links":{"self":[{"href":"https:\/\/www.best-dentist-dentistry.com\/de\/wp-json\/wp\/v2\/posts\/25161","targetHints":{"allow":["GET"]}}],"collection":[{"href":"https:\/\/www.best-dentist-dentistry.com\/de\/wp-json\/wp\/v2\/posts"}],"about":[{"href":"https:\/\/www.best-dentist-dentistry.com\/de\/wp-json\/wp\/v2\/types\/post"}],"author":[{"embeddable":true,"href":"https:\/\/www.best-dentist-dentistry.com\/de\/wp-json\/wp\/v2\/users\/1"}],"replies":[{"embeddable":true,"href":"https:\/\/www.best-dentist-dentistry.com\/de\/wp-json\/wp\/v2\/comments?post=25161"}],"version-history":[{"count":0,"href":"https:\/\/www.best-dentist-dentistry.com\/de\/wp-json\/wp\/v2\/posts\/25161\/revisions"}],"wp:attachment":[{"href":"https:\/\/www.best-dentist-dentistry.com\/de\/wp-json\/wp\/v2\/media?parent=25161"}],"wp:term":[{"taxonomy":"category","embeddable":true,"href":"https:\/\/www.best-dentist-dentistry.com\/de\/wp-json\/wp\/v2\/categories?post=25161"},{"taxonomy":"post_tag","embeddable":true,"href":"https:\/\/www.best-dentist-dentistry.com\/de\/wp-json\/wp\/v2\/tags?post=25161"}],"curies":[{"name":"wp","href":"https:\/\/api.w.org\/{rel}","templated":true}]}}