{"id":25243,"date":"2012-11-15T03:29:35","date_gmt":"2012-11-15T03:29:35","guid":{"rendered":null},"modified":"-0001-11-30T00:00:00","modified_gmt":"-0001-11-30T00:00:00","slug":"the-secretary-of-state-for-social-services-and-equality-visit-cocemfe-and-its-foundation","status":"publish","type":"post","link":"https:\/\/www.best-dentist-dentistry.com\/de\/the-secretary-of-state-for-social-services-and-equality-visit-cocemfe-and-its-foundation\/25243","title":{"rendered":"Der Staatssekret\u00e4r f\u00fcr soziale Dienste und Gleichheit besuchen COCEMFE und seine Stiftung"},"content":{"rendered":"<p><font size=\"2\"> <font size=\"3\"> <strong>COCEMFE und seiner Gr\u00fcndung der Staatssekret\u00e4r f\u00fcr soziale Dienste und Gleichheit besuchen<\/strong><\/font> <\/p>\n<p>-Juan Manuel Moreno Bonilla tourte die Ausstattung zusammen mit der Direktor der Behinderung Unterst\u00fctzung der Politik und der Generaldirektor der Sozialdienste der Gemeinschaft von Madrid <\/p>\n<p>-COCEMFE hat der Secretary Of State gebeten, dass es mit der CCAA, Schulden mit den Verb\u00e4nden der Behinderung beizulegen F\u00fcrsprache <\/p>\n<p>-Pr\u00e4sident der COCEMFE hat seine Besorgnis gezeigt, durch die Reformen des Gesundheits- und Abh\u00e4ngigkeit und die notwendige Reform des Gesetzes der Horizontal-Eigenschaft <\/p>\n<p> <strong>Madrid, November 2012 &#8211;<\/strong> der Staatssekret\u00e4r f\u00fcr soziale Dienste und Gleichheit, Juan Manuel Moreno Bonilla, begleitet vom Leiter der Ma\u00dfnahmen zur F\u00f6rderung einer Behinderung, Ignacio Tremi\u00f1o, stellvertretender Direktor der Beteiligung und beaufsichtigten K\u00f6rperschaften, Mercedes Jarabas S\u00e1nchez; und der Generaldirektor der Sozialdienste der Gemeinschaft von Madrid, Carmen P\u00e9rez Anchuela, hat COCEMFE und seine Stiftung, um zu sehen, die Einrichtungen des seine umfassende Betreuung im Zentrum von Madrid und die B\u00fcros der Zentrale Dienste der Eidgenossenschaft besucht. <\/p>\n<p>W\u00e4hrend der Tour wurden durch den Pr\u00e4sidenten des COCEMFE, Mario Garc\u00eda begleitet; Das Sekretariat der Organisation, Roser Romero; der Finanzsekret\u00e4r, Pedro Sergio Moyano und Direktor des im Mittelpunkt der Aufmerksamkeit Foundation COCEMFE Integral, \u00c1ngeles Rodr\u00edguez. <\/p>\n<p>Anschlie\u00dfend wurden traf sich mit einer Delegation von COCEMFE, darunter der Pr\u00e4sident des Bundes und den Sekret\u00e4ren der Organisation und Finanzen der Entit\u00e4t, die eine Reihe von Fragen auf den Tisch gestellt hat, die Sorge um Menschen mit Behinderungen und die Organisationen, die sie zu vertreten sind. <\/p>\n<p>Mario Garc\u00eda hat beantragt, Juan Manuel Moreno Bonilla  mit den autonomen Gemeinschaften F\u00fcrsprache einzulegen, die sie von 38,5 Millionen Euro Schulden liquidiert, die mit Entit\u00e4ten Mitglieder des COCEMFE haben &#8221;. In diesem Zusammenhang hat der Pr\u00e4sident des COCEMFE gebeten, Staatssekret\u00e4r seine  Unterst\u00fctzung dieser Organisationen, die erstickt sind und jeden Tag ist schwieriger, die Dienstleistungen erbringen, die Aufrechterhaltung der Gesundheit und Lebensqualit\u00e4t des Kollektivs &#8221;. <\/p>\n<p>Au\u00dferdem hat Mario Garc\u00eda die Sitzung behauptet  die sind noch Schneiden nicht von Menschen mit Behinderung Politik sozialer denn es das Ende desselben bedeuten w\u00fcrde &#8221;. Garcia hat daran erinnert, dass  als niemand war verantwortlich f\u00fcr das wohl von Menschen mit Behinderungen-Sektor, Organisationen, die bereits f\u00fcr das Kollektiv arbeiten. Wir m\u00fcssen weiterhin in dieser Linie der Zusammenarbeit erreichen wo die Verwaltung, nicht kommt, weil wir nichts ohne Unterst\u00fctzung nicht &#8221;. <\/p>\n<p>Der h\u00f6chste Vertreter der COCEMFE hat das Anliegen der Einrichtung f\u00fcr die Zukunft des Rechts der pers\u00f6nlichen Autonomie und Abh\u00e4ngigkeit ausgesetzt; die Ma\u00dfnahmen im Bereich der Gesundheit, wie z. B. den pharmazeutischen Vorschriften, nicht dringende Gesundheit Transport oder die Prothetik; und durch das Gesetz Horizontal-Eigenschaft. Seiner Ansicht nach  w\u00e4hrend dieser Gesetzgebung in j\u00fcngster Zeit reformiert wurde, glaubt die Industrie es ist unzureichend und muss, beeinflussen, so dass unsere Leute in ihren H\u00e4usern nicht festgehalten werden wird &#8221;. <\/p>\n<p><strong>COCEMFE <br \/><\/strong> <br \/>Die Spanische Konf\u00f6deration der Menschen mit k\u00f6rperlichen Behinderungen und organischen (COCEMFE) ist eine nichtstaatliche, gemeinn\u00fctzige Organisation, die 1980 gegr\u00fcndet wurde. Ihr Ziel ist, zu vereinigen, st\u00e4rken, trainieren und koordinieren die Bem\u00fchungen und Aktivit\u00e4ten der Einrichtungen arbeiten zugunsten von Personen mit Behinderungen k\u00f6rperliche und organische um ihre Rechte zu verteidigen und ihre Lebensqualit\u00e4t zu verbessern. Das Unternehmen sammelt mehr als 1.600 Unternehmen unterteilt in regionale Verb\u00e4nde, staatliche Einrichtungen und provinziellen Verb\u00e4nde, die wiederum unterschiedlichen lokalen Verb\u00e4nden gruppiert. <\/p>\n<p><\/font><\/p>\n","protected":false},"excerpt":{"rendered":"<p>COCEMFE und seiner Gr\u00fcndung der Staatssekret\u00e4r f\u00fcr soziale Dienste und Gleichheit besuchen -Juan Manuel Moreno Bonilla tourte die Ausstattung zusammen mit der Direktor der Behinderung Unterst\u00fctzung der Politik und der Generaldirektor der Sozialdienste der Gemeinschaft von Madrid -COCEMFE hat der Secretary Of State gebeten, dass es mit der CCAA, Schulden mit den Verb\u00e4nden der Behinderung [&hellip;]<\/p>\n","protected":false},"author":1,"featured_media":0,"comment_status":"close","ping_status":"open","sticky":false,"template":"","format":"standard","meta":{"footnotes":""},"categories":[3],"tags":[36023,36024],"class_list":["post-25243","post","type-post","status-publish","format-standard","hentry","category-allgemeine","tag-sevillanovember","tag-staatssekretr","et-doesnt-have-format-content","et_post_format-et-post-format-standard"],"_links":{"self":[{"href":"https:\/\/www.best-dentist-dentistry.com\/de\/wp-json\/wp\/v2\/posts\/25243","targetHints":{"allow":["GET"]}}],"collection":[{"href":"https:\/\/www.best-dentist-dentistry.com\/de\/wp-json\/wp\/v2\/posts"}],"about":[{"href":"https:\/\/www.best-dentist-dentistry.com\/de\/wp-json\/wp\/v2\/types\/post"}],"author":[{"embeddable":true,"href":"https:\/\/www.best-dentist-dentistry.com\/de\/wp-json\/wp\/v2\/users\/1"}],"replies":[{"embeddable":true,"href":"https:\/\/www.best-dentist-dentistry.com\/de\/wp-json\/wp\/v2\/comments?post=25243"}],"version-history":[{"count":0,"href":"https:\/\/www.best-dentist-dentistry.com\/de\/wp-json\/wp\/v2\/posts\/25243\/revisions"}],"wp:attachment":[{"href":"https:\/\/www.best-dentist-dentistry.com\/de\/wp-json\/wp\/v2\/media?parent=25243"}],"wp:term":[{"taxonomy":"category","embeddable":true,"href":"https:\/\/www.best-dentist-dentistry.com\/de\/wp-json\/wp\/v2\/categories?post=25243"},{"taxonomy":"post_tag","embeddable":true,"href":"https:\/\/www.best-dentist-dentistry.com\/de\/wp-json\/wp\/v2\/tags?post=25243"}],"curies":[{"name":"wp","href":"https:\/\/api.w.org\/{rel}","templated":true}]}}