{"id":25268,"date":"2012-11-16T02:29:17","date_gmt":"2012-11-16T02:29:17","guid":{"rendered":null},"modified":"-0001-11-30T00:00:00","modified_gmt":"-0001-11-30T00:00:00","slug":"the-pp-communities-are-committed-to-the-goal-of-deficit","status":"publish","type":"post","link":"https:\/\/www.best-dentist-dentistry.com\/de\/the-pp-communities-are-committed-to-the-goal-of-deficit\/25268","title":{"rendered":"the pp communities are committed to the goal of deficit"},"content":{"rendered":"<p class=\"first\"> MADRID (Reuters) &#8211; zu einem Zeitpunkt, wenn M\u00e4rkte die Einzelheiten des Haushalts der autonomen Regionen in diesem Jahr erwarten, die Volkspartei (PP) veranstaltet am Samstag die Unterst\u00fctzung ihrer regionalen F\u00fchrer, seine Wirtschaftsreformen und die Verpflichtung zur Verringerung des Defizits.<\/p>\n<p>&#8220;Alle wir uns engagieren, um die gr\u00f6\u00dften \u00dcbungen der Enthaltsamkeit zu machen, sodass die Standards und Leitlinien der allgemeinen staatlichen Haushalte in einschl\u00e4gigen Gesetzen Budget der einzelnen autonomen Gemeinschaften enthalten sind&#8221;, sagte der Generalsekret\u00e4r der PP und Pr\u00e4sident der Autonomen Gemeinschaft Kastilien &#8211; La Mancha, Mar\u00eda Dolores de Cospedal, nach einem Treffen der Pr\u00e4sidenten autonome und seiner regionalen party-Zentrale in Madrid.<\/p>\n<p>nach der Annahme der allgemeinen Haushalte bis zum Jahr 2012, den Markt und Einige internationalen Agenturen &#8211; wie die EZB &#8211; erwarten die Haushaltspl\u00e4ne der autonomen Regionen, die entfallen mehr als die H\u00e4lfte der \u00f6ffentlichen Ausgaben und sorgten f\u00fcr die Abzweigung Defizitziele 2011 h\u00f6her.<\/p>\n<p>bez\u00fcglich der Ank\u00fcndigung diese Woche von der Regierung zu schneiden von 10 Milliarden Euro im Gesundheits- und Bildungswesen, De Cospedal sagte, dass die CCAA seiner Partei, es in ihre Haushaltspl\u00e4ne aufnehmen w\u00fcrde.<\/p>\n<p>&#8220;die PP-Pr\u00e4sidenten sind wir verpflichtet ansetzen aller, die im Gesetz \u00fcber die allgemeine staatliche Budget in unseren Gesetzen der Haushalte kommen, und dazu geh\u00f6rt dieser Rubrik (von 10000 Millionen Euro), da es eingeschlossen werden,&#8221; sagte.<\/p>\n<p>Ziel: entsprechen das Defizit<\/p>\n<p>De Cospedal f\u00fcgte hinzu, dass alle regionale Pr\u00e4sidenten aus seiner Partei, zur Einhaltung zugesagt hatte ihrer Ziele des Defizits, also Spanien seine Verpflichtungen nach Br\u00fcssel erf\u00fcllt, eine Defizit von 5,8 Prozent des BIP in diesem Jahr gegen 8,5 % des BIP zu erreichen, die 2011 geschlossen.<\/p>\n<p>die spanische Regierung begann bereits im M\u00e4rz die meisten der autonomen Gemeinschaften ein Abkommen, die eine maximale Defizit von 1,5 Prozent des Bruttoinlandsprodukts (BIP) nicht \u00fcberschreiten, obwohl er die Abstimmung gegen Andalusien und die Kanarischen Inseln und Katalonien, drei von den paar Autonomien davon absehen fand wo nicht die PP. Regieren in diesem Jahr<\/p>\n<p>Generalsekret\u00e4r der PP sagte, dass bei dem Treffen mit den Freiherren von seiner Partei keine Rede von einer eventuellen \u00dcbertragung der Gemeinschaften war, obwohl es ja f\u00fcr eine Neuordnung.<\/p>\n<p>&#8220;Ja (diskutiert) tun viel mehr rational Dienstleistungen und Ressourcen viel effektiver verwalten&#8221;, sagte.<\/p>\n<p>die wichtigste regionale K\u00f6pfe der PP, die in 11 der 17 Autonomien regelt, unterst\u00fctzt die Botschaft der Sparsamkeit der Zentralregierung vor der Besprechung.<\/p>\n<p>&#8220;Wir haben alle streben, sein strenger, effizientere und \u00dcberschneidungen zwischen den alle dazu beitragen, der L\u00f6sung f\u00fcr unsere Gemeinden auch die L\u00f6sung f\u00fcr Spanien, machen&#8221;, sagte Journalisten Alberto Fabra, Pr\u00e4sident von Valencia, einer der am h\u00f6chsten verschuldeten Spaniens.<\/p>\n","protected":false},"excerpt":{"rendered":"<p>MADRID (Reuters) &#8211; zu einem Zeitpunkt, wenn M\u00e4rkte die Einzelheiten des Haushalts der autonomen Regionen in diesem Jahr erwarten, die Volkspartei (PP) veranstaltet am Samstag die Unterst\u00fctzung ihrer regionalen F\u00fchrer, seine Wirtschaftsreformen und die Verpflichtung zur Verringerung des Defizits. &#8220;Alle wir uns engagieren, um die gr\u00f6\u00dften \u00dcbungen der Enthaltsamkeit zu machen, sodass die Standards und [&hellip;]<\/p>\n","protected":false},"author":1,"featured_media":0,"comment_status":"close","ping_status":"open","sticky":false,"template":"","format":"standard","meta":{"footnotes":""},"categories":[3],"tags":[],"class_list":["post-25268","post","type-post","status-publish","format-standard","hentry","category-allgemeine","et-doesnt-have-format-content","et_post_format-et-post-format-standard"],"_links":{"self":[{"href":"https:\/\/www.best-dentist-dentistry.com\/de\/wp-json\/wp\/v2\/posts\/25268","targetHints":{"allow":["GET"]}}],"collection":[{"href":"https:\/\/www.best-dentist-dentistry.com\/de\/wp-json\/wp\/v2\/posts"}],"about":[{"href":"https:\/\/www.best-dentist-dentistry.com\/de\/wp-json\/wp\/v2\/types\/post"}],"author":[{"embeddable":true,"href":"https:\/\/www.best-dentist-dentistry.com\/de\/wp-json\/wp\/v2\/users\/1"}],"replies":[{"embeddable":true,"href":"https:\/\/www.best-dentist-dentistry.com\/de\/wp-json\/wp\/v2\/comments?post=25268"}],"version-history":[{"count":0,"href":"https:\/\/www.best-dentist-dentistry.com\/de\/wp-json\/wp\/v2\/posts\/25268\/revisions"}],"wp:attachment":[{"href":"https:\/\/www.best-dentist-dentistry.com\/de\/wp-json\/wp\/v2\/media?parent=25268"}],"wp:term":[{"taxonomy":"category","embeddable":true,"href":"https:\/\/www.best-dentist-dentistry.com\/de\/wp-json\/wp\/v2\/categories?post=25268"},{"taxonomy":"post_tag","embeddable":true,"href":"https:\/\/www.best-dentist-dentistry.com\/de\/wp-json\/wp\/v2\/tags?post=25268"}],"curies":[{"name":"wp","href":"https:\/\/api.w.org\/{rel}","templated":true}]}}