{"id":25470,"date":"2012-11-17T02:33:04","date_gmt":"2012-11-17T02:33:04","guid":{"rendered":null},"modified":"-0001-11-30T00:00:00","modified_gmt":"-0001-11-30T00:00:00","slug":"ugt-andalusia-insists-that-health-reform-is-the-rupture-with-the-current-system","status":"publish","type":"post","link":"https:\/\/www.best-dentist-dentistry.com\/de\/ugt-andalusia-insists-that-health-reform-is-the-rupture-with-the-current-system\/25470","title":{"rendered":"ugt andalusia insists that health reform is the rupture with the current system"},"content":{"rendered":"<p class=\"first\"> HUELVA, 25 (EUROPA dr\u00fccken)<\/p>\n<p>der Parteisekret\u00e4r der <span class=\"yshortcuts\" id=\"lw_1335372470_5\"> UGT<\/span> in Andalusien, <span class=\"yshortcuts\" id=\"lw_1335372470_0\"> Manuel Pastrana<\/span>, hat Mittwoch darauf hingewiesen, dass Gesundheitsreform von der zentralen <span class=\"yshortcuts\" id=\"lw_1335372470_1\"> Regierung<\/span> gedr\u00e4ngt &#8220;einen klaren Bruch&#8221;, mit dem Gesundheitswesen in Spanien seit den 1980er Jahren gegr\u00fcndet darstellt und wird Versicherten B\u00fcrger, was wurde hinzugef\u00fcgt, dass &#8220;nur diejenigen, die die Regierung als Personen haben Zugang zu medizinischer Versorgung Versicherter&#8221;.<\/p>\n<p>auf der Pressekonferenz in Huelva, betonte <span class=\"yshortcuts\" id=\"lw_1335372470_2\"> Pastrana<\/span>, begleitet von den provinziellen Sekret\u00e4r, Jorge Puente, soweit die Reform bezieht sich auf diejenigen, die mehr als 26 Jahren gegr\u00fcndet. Speziell die F\u00fchrer der UGT sagte, dass diese Ma\u00dfnahme &#8220;ein neuer Schlag&#8221;, d. h. ist im Alter von 26, die sind nicht versichert und die nicht zitiert haben nie &#8220;k\u00f6nnen nur die im Gesundheitswesen Lieferung gegen Zahlung des entsprechenden Entgelts erhalten&#8221;.<\/p>\n<p>f\u00fcr diese Ma\u00dfnahme ein Kollektiv ist, in dem 50 Prozent sind &#8220;ungerecht&#8221; Pastrana arbeitslos und mit wenigen M\u00f6glichkeiten des Zugriffs auf einen Job, ein Kollektiv, als er hat darauf bestanden Pastrana, &#8220;das sollten wir verw\u00f6hnen&#8221;.<\/p>\n<p>als Rentner, beklagt hat die Regierung schlagen sie als &#8220;verantwortlich&#8221; f\u00fcr die, die heraus Tonnen pro Jahr Drogen ausgel\u00f6st werden, als ob Rentner zu Arzneimitteln zu den Launen Zugang oder als w\u00e4re es das <span class=\"yshortcuts\" id=\"lw_1335372470_7\"> Gesundheitssystem<\/span> durch Fachleute, nicht wer Medikamente, Rentner verschreibt.<\/p>\n<p>auch Sie Sprachen von Immigranten zu kritisieren <span class=\"yshortcuts\" id=\"lw_1335372470_6\"> Gesundheitsministerin<\/span>, Ana Mato, feed, nach den <span class=\"yshortcuts\" id=\"lw_1335372470_3\"> letzten Ministerrat<\/span> &#8220;Fremdenfeindlichkeit unter Ber\u00fccksichtigung die Ausgrenzung von Zuwanderern in das Gesundheitssystem&#8221;. wie sie weiterhin, Mato &#8220;legt die Einwanderer aus der \u00fcberm\u00e4\u00dfigen Ausgaben, die das Gesundheitssystem hat Schuld und haftet an den Gesundheitszentren ohne Bezahlung ausl\u00e4ndischer &rsquo;.<\/p>\n<p>auf der anderen Seite hat der Anstieg der Preise Universit\u00e4t, in denen genannten dies Messen&#8221;werden, die jungen Studenten zu vertreiben, deren Familien nicht in der Lage sind, die Kosten f\u00fcr Geb\u00fchren zu widerstehen&#8221;, zu dem wurde hinzugef\u00fcgt, dass diese Situation&#8221;&#8221;mit dem Wert der Gleichheit bricht.<\/p>\n<p>in diesem Sinne Pastrana hat betont, dass &#8220;es eine deutliche Strategie gibt bringen neue Generationen auf eine Privatisierung des Systems&#8221; sowie die mit dieser Regierung gemacht &#8220;in ein paar Monaten hat Spanien zur\u00fcckzog nach was in der Vergangenheit erreicht wurde 30 Jahre und was bleibt ist der Protest und Konflikt&#8221;.<\/p>\n<p>Called Mobilisierung<\/p>\n<p>der F\u00fchrer der UGT hat daher aufgerufen, um die Demonstrationen teilzunehmen, die an diesem Sonntag zur stattfinden wird &#8220;verteidigen die Rechte der B\u00fcrger&#8221;, in Bezug auf die Politik der K\u00fcrzungen, die die Regierung Central durchf\u00fchrt.<\/p>\n<p>Manuel Pastrana hat betont, dass von UGT &#8220;sie nicht Spanien zulassen werden zu werden, das europ\u00e4ische Recht und das spanische Bauernhaus und im Gange das kommerzialisierten Services-Objektmodell zu setzen&#8221; um &#8220;Gesch\u00e4fte mit Bildung, Abh\u00e4ngigkeit oder Besch\u00e4ftigung zu machen&#8221;.    <\/p>\n","protected":false},"excerpt":{"rendered":"<p>HUELVA, 25 (EUROPA dr\u00fccken) der Parteisekret\u00e4r der UGT in Andalusien, Manuel Pastrana, hat Mittwoch darauf hingewiesen, dass Gesundheitsreform von der zentralen Regierung gedr\u00e4ngt &#8220;einen klaren Bruch&#8221;, mit dem Gesundheitswesen in Spanien seit den 1980er Jahren gegr\u00fcndet darstellt und wird Versicherten B\u00fcrger, was wurde hinzugef\u00fcgt, dass &#8220;nur diejenigen, die die Regierung als Personen haben Zugang zu [&hellip;]<\/p>\n","protected":false},"author":1,"featured_media":0,"comment_status":"close","ping_status":"open","sticky":false,"template":"","format":"standard","meta":{"footnotes":""},"categories":[3],"tags":[],"class_list":["post-25470","post","type-post","status-publish","format-standard","hentry","category-allgemeine","et-doesnt-have-format-content","et_post_format-et-post-format-standard"],"_links":{"self":[{"href":"https:\/\/www.best-dentist-dentistry.com\/de\/wp-json\/wp\/v2\/posts\/25470","targetHints":{"allow":["GET"]}}],"collection":[{"href":"https:\/\/www.best-dentist-dentistry.com\/de\/wp-json\/wp\/v2\/posts"}],"about":[{"href":"https:\/\/www.best-dentist-dentistry.com\/de\/wp-json\/wp\/v2\/types\/post"}],"author":[{"embeddable":true,"href":"https:\/\/www.best-dentist-dentistry.com\/de\/wp-json\/wp\/v2\/users\/1"}],"replies":[{"embeddable":true,"href":"https:\/\/www.best-dentist-dentistry.com\/de\/wp-json\/wp\/v2\/comments?post=25470"}],"version-history":[{"count":0,"href":"https:\/\/www.best-dentist-dentistry.com\/de\/wp-json\/wp\/v2\/posts\/25470\/revisions"}],"wp:attachment":[{"href":"https:\/\/www.best-dentist-dentistry.com\/de\/wp-json\/wp\/v2\/media?parent=25470"}],"wp:term":[{"taxonomy":"category","embeddable":true,"href":"https:\/\/www.best-dentist-dentistry.com\/de\/wp-json\/wp\/v2\/categories?post=25470"},{"taxonomy":"post_tag","embeddable":true,"href":"https:\/\/www.best-dentist-dentistry.com\/de\/wp-json\/wp\/v2\/tags?post=25470"}],"curies":[{"name":"wp","href":"https:\/\/api.w.org\/{rel}","templated":true}]}}