{"id":25481,"date":"2012-11-17T02:35:10","date_gmt":"2012-11-17T02:35:10","guid":{"rendered":null},"modified":"-0001-11-30T00:00:00","modified_gmt":"-0001-11-30T00:00:00","slug":"Streiks-in-Bolivien-haben-keinen-Waffenstillstand-trotz-Urlaub-verordnet-von-Morales","status":"publish","type":"post","link":"https:\/\/www.best-dentist-dentistry.com\/de\/Streiks-in-Bolivien-haben-keinen-Waffenstillstand-trotz-Urlaub-verordnet-von-Morales\/25481","title":{"rendered":"Streiks in Bolivien haben keinen Waffenstillstand trotz Urlaub verordnet von Morales"},"content":{"rendered":"<p class=\"first\"> <span class=\"yshortcuts\" id=\"lw_1335815445_0\"> La Paz<\/span>, 30 Apr (EFE).-Streiks Leben Bolivien haben heute keinen Waffenstillstand trotz, dass Pr\u00e4sident <span class=\"yshortcuts\" id=\"lw_1335815445_4\"> Evo Morales<\/span> verordnete sp\u00e4ten Freitagabend, dass Montag w\u00e4re festlich, <span class=\"yshortcuts\" id=\"lw_1335815445_1\"> Tag der Arbeit<\/span> in einer Entscheidung, dass die Opposition und die Gewerkschaften einen fehlgeschlagenen Versuch der Eind\u00e4mmung der Proteste. glauben zu \u00fcberbr\u00fccken<\/p>\n<p>\u00c4rzte und Mitarbeiter der \u00f6ffentlichen Gesundheit hielt den unbefristeten Streik begann mit Streikposten der Hungerstreik, vor f\u00fcnf Wochen und heute wiederholt Aufm\u00e4rschen und Demonstrationen in mehreren St\u00e4dten, darunter eine vor der Peace Palace of Government, berichtet die Sektor-F\u00fchrer und Quellen Offiziere.<\/p>\n<p>Proteste weiter &#8220;f\u00fcr belegen an die Regierung, obwohl es erkl\u00e4rt hat, Urlaub, unsere Basen, die Kollegen, die sind auf die Streikposten, um zu sehen, dass wir uns noch zu mobilisieren sind&#8221;, sagte Fabi\u00e1n Conde Radio Erbol. medizinische F\u00fchrer<\/p>\n<p>Morales verordnete sp\u00e4ten Freitagabend das Montag festlich, w\u00e4re aber die Central Obrera Boliviana (COB), die gr\u00f6\u00dfte Gewerkschaft in diesem Land der 10 Millionen Einwohner Entit\u00e4t, nannte es&#8221;Spielraum&#8221;zu versuchen, die sozialen Konflikte Entl\u00fcften zu, die ihn am Vorabend des Tages der Arbeit k\u00e4mpfen.<\/p>\n<p>Dutzende \u00c4rzte heute besuchte eine religi\u00f6se Zeremonie in der Kathedrale von La Paz, angrenzend an die Regierung Palast, wo Morales seinen Sitz hat, und dann sie inszeniert eine Rallye in skandierten die&#8221;Aufhebung oder Tod&#8221;, in Anlehnung an ein Dekret, das erh\u00f6ht Ihre Arbeitstag.<\/p>\n<p>die M\u00e9dicos y Empleados De La Salud Exigen al Nacionalista Morales Que derogue el Decreto Que Firm\u00f3 de Febrero Abs. Al de Seis ein Ocho Horas Su Jornada laboral, Que Rechazan Porque, Seg\u00fan Dicen, Bratsche Una Antigua Conquista Sindical.<\/p>\n<p>Los Manifestantes Marcharon Luego Por El Centro De La Paz e Hicieron Otro Mitin Ante el Ministerio de Salud, y Hubo Parecidas Protestas En Otras Ciudades Bolivianas.<\/p>\n<p>Morales Sol\u00eda Asistir a Los Actos Sindicales del 1 de Mayo, Pero Para Ma\u00f1ana ha Confirmado Que Estar\u00e1 Con el Presidente De La Petrolera Espa\u00f1ola Repsol, Antonio Brufau, de la Inauguraci\u00f3n de Una Planta de Procesamiento de gas de el Sur del Pa\u00eds, Lejos de las Protestas.<\/p>\n<p>Varios Medios Gebietsschemas Han Comentado Que el 1 de Mayo de 2006 Morales Decret\u00f3 la &#8220;Nacionalizaci\u00f3n&#8221; Petrolera Con Apoyo Mayoritario de Los Boliviano y Los Sindicatos, Mientras Que Seis A\u00f1os Despu\u00e9s lo Celebra de Una Planta de Repsol Mientras Los Trabajadores Protestan Contra \u00e9l de la Calle<\/p>\n<p>Los Trabajadores De La Salud y Los M\u00e9dicos Anunciaron Que Este Martes Se Sumar\u00e1n a las Manifestaciones Convocadas Por la COB de el D\u00eda del Trabajo, Abs. Exigir ein Morales Una Ajuste acceso \u00fcberlegene al 8 % Que Ofreci\u00f3 Para 2012.<\/p>\n<p>Un Dirigente De La COB, Jos\u00e9 Luis Delgado, Dijo Que Ma\u00f1ana &#8220;Ser\u00e1 Una Jornada M\u00e1s de Lucha&#8221; Por Mejores Salarios.<\/p>\n<p>La COB Rechaza el 8 % de Ajuste acceso Para Los Maestros y Los Trabajadores De La Salud, Que kein Se Aplicar\u00e1 Para Otros secteurs Pero S\u00ed Ser\u00e1 base de Negociaci\u00f3n Para el Sektor Privado, y Tambi\u00e9n el Incremento del 22 % del Sueldo M\u00ednimo tats\u00e4chliche de 117 D\u00f3lares Mensuales, el M\u00e1s Bajo de Suram\u00e9rica.<\/p>\n<p>de Los Pa\u00edses Vecinos, el Sueldo M\u00ednimo de Argentina es de 460 D\u00f3lares, de Chile 372, de Paraguay 342, Kolumbien 284, de Ecuador 264 y de Per\u00fa 216, Seg\u00fan Centros de Estudios de Boliviano.<\/p>\n<p>Entretanto, am Amazonas Hunderte von Indianern sollen heute neu starten, die am Freitag nach La Paz, der zweite in weniger als einem Jahr, um zu zwingen, Morales, endg\u00fcltig aufzugeben sein Projekt zum Bau einer Stra\u00dfe von Brasilien im nat\u00fcrlichen finanziert park Tipnis.<\/p>\n<p>nach der Tournee am Freitag seinen erstes 17 Kilometer von der Stadt von Trinidad, Indianer zwei Tage festgehalten wurden durch intensive Regeng\u00fcsse in der Gegend und Versorgung Probleme. EFE<\/p>\n","protected":false},"excerpt":{"rendered":"<p>La Paz, 30 Apr (EFE).-Streiks Leben Bolivien haben heute keinen Waffenstillstand trotz, dass Pr\u00e4sident Evo Morales verordnete sp\u00e4ten Freitagabend, dass Montag w\u00e4re festlich, Tag der Arbeit in einer Entscheidung, dass die Opposition und die Gewerkschaften einen fehlgeschlagenen Versuch der Eind\u00e4mmung der Proteste. glauben zu \u00fcberbr\u00fccken \u00c4rzte und Mitarbeiter der \u00f6ffentlichen Gesundheit hielt den unbefristeten Streik [&hellip;]<\/p>\n","protected":false},"author":1,"featured_media":0,"comment_status":"close","ping_status":"open","sticky":false,"template":"","format":"standard","meta":{"footnotes":""},"categories":[3],"tags":[36245],"class_list":["post-25481","post","type-post","status-publish","format-standard","hentry","category-allgemeine","tag-siamesischen","et-doesnt-have-format-content","et_post_format-et-post-format-standard"],"_links":{"self":[{"href":"https:\/\/www.best-dentist-dentistry.com\/de\/wp-json\/wp\/v2\/posts\/25481","targetHints":{"allow":["GET"]}}],"collection":[{"href":"https:\/\/www.best-dentist-dentistry.com\/de\/wp-json\/wp\/v2\/posts"}],"about":[{"href":"https:\/\/www.best-dentist-dentistry.com\/de\/wp-json\/wp\/v2\/types\/post"}],"author":[{"embeddable":true,"href":"https:\/\/www.best-dentist-dentistry.com\/de\/wp-json\/wp\/v2\/users\/1"}],"replies":[{"embeddable":true,"href":"https:\/\/www.best-dentist-dentistry.com\/de\/wp-json\/wp\/v2\/comments?post=25481"}],"version-history":[{"count":0,"href":"https:\/\/www.best-dentist-dentistry.com\/de\/wp-json\/wp\/v2\/posts\/25481\/revisions"}],"wp:attachment":[{"href":"https:\/\/www.best-dentist-dentistry.com\/de\/wp-json\/wp\/v2\/media?parent=25481"}],"wp:term":[{"taxonomy":"category","embeddable":true,"href":"https:\/\/www.best-dentist-dentistry.com\/de\/wp-json\/wp\/v2\/categories?post=25481"},{"taxonomy":"post_tag","embeddable":true,"href":"https:\/\/www.best-dentist-dentistry.com\/de\/wp-json\/wp\/v2\/tags?post=25481"}],"curies":[{"name":"wp","href":"https:\/\/api.w.org\/{rel}","templated":true}]}}