{"id":2549,"date":"2011-11-28T10:00:41","date_gmt":"2011-11-28T10:00:41","guid":{"rendered":null},"modified":"-0001-11-30T00:00:00","modified_gmt":"-0001-11-30T00:00:00","slug":"more-than-200000-users-of-ses-will-change-from-next-wednesday-family-physician","status":"publish","type":"post","link":"https:\/\/www.best-dentist-dentistry.com\/de\/more-than-200000-users-of-ses-will-change-from-next-wednesday-family-physician\/2549","title":{"rendered":"Mehr als 200.000 Anwender von SES \u00e4ndert sich von n\u00e4chsten Mittwoch Hausarzt"},"content":{"rendered":"<p>MERIDA, 28 (EUROPA PRESS)<\/p>\n<p>Mehr als 200.000 Anwender von Extremadura (SES) Gesundheitswesen, 20 Prozent der Bev\u00f6lkerung Extremaduran \u00e4ndert Arztfamilie 30. November, wenn an diesem Tag beginnt die Aufnahme der 172 \u00c4rzte, die einen Platz im Wettbewerb der Transfer von durchgef\u00fchrt erhalten haben, SES.<\/p>\n<p>Ist 99 Familie \u00c4rzte der Teams zur medizinischen Grundversorgung, und rufen Sie 73 \u00c4rzte, die Stelle am Mittwoch, Tag 30 \u00e4ndern.<\/p>\n<p>Transfer Wettbewerbe erm\u00f6glichen, dass von Zeit zu Zeit Gesundheitsberufe von der geografischen Mobilit\u00e4t profitieren, die am besten ihre pers\u00f6nlichen Erwartungen passt, und sind freiwillig, erinnert an die Regierung regionale Hinweis Press.<\/p>\n<p>Diesen Wettbewerb der \u00dcbertragung beinhaltet einen &#8220;Durchbruch&#8221; f\u00fcr die optionale SES, weil es auch eine Verbesserung in der Qualit\u00e4t seines Lebens bedeutet, da &#8220;in den meisten F\u00e4llen ist es ein Schritt vorw\u00e4rts in der Familie Vermittlung, und in anderen eine N\u00e4he zu ihren \u00fcblichen H\u00e4usern&#8221;, f\u00fcgt.<\/p>\n<p>Servicio Extreme\u00f1o de Salud will auch eine Botschaft &#8220;Frieden und Normalit\u00e4t&#8221; f\u00fcr seine Nutzer, da diese \u00c4nderungen &#8220;Pflege Ver\u00e4nderung, not result will&#8221; die Qualit\u00e4t und Widmung des Gesundheit Profis.<\/p>\n<p>Auf der anderen Seite, f\u00fcgt der SES obwohl \u00c4nderung der Arzt besuchen sie die Gesundheit der Benutzer Daten sind f\u00fcr die neue medizinische angef\u00fcgt.<\/p>\n","protected":false},"excerpt":{"rendered":"<p>MERIDA, 28 (EUROPA PRESS) Mehr als 200.000 Anwender von Extremadura (SES) Gesundheitswesen, 20 Prozent der Bev\u00f6lkerung Extremaduran \u00e4ndert Arztfamilie 30. November, wenn an diesem Tag beginnt die Aufnahme der 172 \u00c4rzte, die einen Platz im Wettbewerb der Transfer von durchgef\u00fchrt erhalten haben, SES. Ist 99 Familie \u00c4rzte der Teams zur medizinischen Grundversorgung, und rufen Sie [&hellip;]<\/p>\n","protected":false},"author":1,"featured_media":0,"comment_status":"close","ping_status":"open","sticky":false,"template":"","format":"standard","meta":{"footnotes":""},"categories":[3],"tags":[9200,9198,9199],"class_list":["post-2549","post","type-post","status-publish","format-standard","hentry","category-allgemeine","tag-hausarzt","tag-krpergewicht","tag-ses","et-doesnt-have-format-content","et_post_format-et-post-format-standard"],"_links":{"self":[{"href":"https:\/\/www.best-dentist-dentistry.com\/de\/wp-json\/wp\/v2\/posts\/2549","targetHints":{"allow":["GET"]}}],"collection":[{"href":"https:\/\/www.best-dentist-dentistry.com\/de\/wp-json\/wp\/v2\/posts"}],"about":[{"href":"https:\/\/www.best-dentist-dentistry.com\/de\/wp-json\/wp\/v2\/types\/post"}],"author":[{"embeddable":true,"href":"https:\/\/www.best-dentist-dentistry.com\/de\/wp-json\/wp\/v2\/users\/1"}],"replies":[{"embeddable":true,"href":"https:\/\/www.best-dentist-dentistry.com\/de\/wp-json\/wp\/v2\/comments?post=2549"}],"version-history":[{"count":0,"href":"https:\/\/www.best-dentist-dentistry.com\/de\/wp-json\/wp\/v2\/posts\/2549\/revisions"}],"wp:attachment":[{"href":"https:\/\/www.best-dentist-dentistry.com\/de\/wp-json\/wp\/v2\/media?parent=2549"}],"wp:term":[{"taxonomy":"category","embeddable":true,"href":"https:\/\/www.best-dentist-dentistry.com\/de\/wp-json\/wp\/v2\/categories?post=2549"},{"taxonomy":"post_tag","embeddable":true,"href":"https:\/\/www.best-dentist-dentistry.com\/de\/wp-json\/wp\/v2\/tags?post=2549"}],"curies":[{"name":"wp","href":"https:\/\/api.w.org\/{rel}","templated":true}]}}