{"id":25578,"date":"2012-11-17T03:29:11","date_gmt":"2012-11-17T03:29:11","guid":{"rendered":null},"modified":"-0001-11-30T00:00:00","modified_gmt":"-0001-11-30T00:00:00","slug":"cocemfe-requests-that-persons-with-disabilities-have-devices-to-alert-emergency-services","status":"publish","type":"post","link":"https:\/\/www.best-dentist-dentistry.com\/de\/cocemfe-requests-that-persons-with-disabilities-have-devices-to-alert-emergency-services\/25578","title":{"rendered":"COCEMFE fordert, dass Menschen mit Behinderungen Ger\u00e4te Alarm Notdienste haben"},"content":{"rendered":"<p><font size=\"2\"> <font size=\"3\"> <strong>COCEMFE fordert, dass Menschen mit Behinderungen Ger\u00e4te Alarm Notdienste haben<\/strong><\/font> <\/p>\n<p>-COCEMFE zeigt seine Sorge nach dem Tod einer Frau mit Behinderung als Folge der Tod Ihr Betreuer <\/p>\n<p>-der Fall brachte ans Licht bestimmte famili\u00e4re Pflege, die sind nicht am besten geeignet und sollte ersetzt werden durch professionelle Dienstleistungen <\/p>\n<p>-die sozialen Dienste haben, um ihre Intervention und in Umgebungen und Situationen maximalen Zerbrechlichkeit oder Armut <\/p>\n<p> <strong>MadridNovember 2012 &#8211;<\/strong> Spanisch Bund von Menschen mit k\u00f6rperlichen Behinderungen und organischen (COCEMFE) zeigt sich besorgt nach der Geschehnisse in Astorga (Le\u00f3n), wo eine Frau mit Behinderungen durch den Tod seiner Mutter gestorben ist, als Familie Betreuerin im Haus gearbeitet. <\/p>\n<p>Das Unternehmen sch\u00e4tzt, dass diese schwerwiegenden Ausnahmefehler zeigt, dass es Menschen mit einer schweren Behinderung, die nicht die notwendigen Ger\u00e4te Notdienste alarmieren, wenn Betreuer gefehlt haben oder erleiden einen zuf\u00e4lligen Unfall wie eine Unterkunft, die k\u00fcrzlich stattgefunden haben. <\/p>\n<p>Der Pr\u00e4sident des COCEMFE, Mario Garc\u00eda, erkl\u00e4rte, die  soziale Dienste sollten maximal achten bis zum \u00e4u\u00dfersten, das nicht ganzes Gewicht auf die Bezugsperson, Familienangeh\u00f6rige oder Nachbarn sein kann &#8221;. <\/p>\n<p>In diesem Sinne h\u00e4lt Mario Garc\u00eda, dass  in diesen F\u00e4llen notwendig unterst\u00fctzt, Ger\u00e4te und Formeln angeben, so dass die Person mit Behinderungen einen Mechanismus zur Verf\u00fcgung stehen, die Ihnen die M\u00f6glichkeit, Kontakt mit der Au\u00dfenwelt erlaubt und erh\u00f6hen den Alarm, wie im Falle der Drucktasten oder Telecare Service &#8221;. <\/p>\n<p>Dazu sollten wir hinzuf\u00fcgen, regelm\u00e4\u00dfige \u00dcberwachung, vor allem f\u00fcr Menschen mit schweren Behinderungen, die alleinstehende oder nur ein Familienmitglied die grundlegenden Aktivit\u00e4ten des Lebens, wegen ihrer vollst\u00e4ndigen Verlust der Autonomie ausf\u00fchren. <\/p>\n<p>Diesem Fall brachte auch im Vordergrund, sicher, dass die famili\u00e4re Betreuung, nicht die am besten geeignet, um pers\u00f6nliche Autonomie und soziale Integration zu f\u00f6rdern. In diesem Sinne ist COCEMFE Kontrollen \u00fcber die Qualit\u00e4t der Betreuung und Pflege will reduzieren sie f\u00fcr die Erbringung von Dienstleistungen, in den F\u00e4llen wo es n\u00f6tig ist. <\/p>\n<p>Der Pr\u00e4sident des COCEMFE, obwohl Sie sich bewusst, dass die Ressourcen zur Zeit knapp ist, sind der Ansicht, dass  Situationen wie diese k\u00f6nnen nicht wiederholt werden &#8221; und die  soziale Dienste haben ihre Intervention und Kontrollen, insbesondere in Umgebungen und Situationen maximalen Zerbrechlichkeit oder Armut erh\u00f6hen &#8221;. <\/p>\n<p>Die Spanische Konf\u00f6deration der Menschen mit k\u00f6rperlichen Behinderungen und organischen (COCEMFE) ist eine nichtstaatliche, gemeinn\u00fctzige Organisation, die 1980 gegr\u00fcndet wurde. Ihr Ziel ist, zu vereinigen, st\u00e4rken, trainieren und koordinieren die Bem\u00fchungen und Aktivit\u00e4ten der Einrichtungen arbeiten zugunsten von Personen mit Behinderungen k\u00f6rperliche und organische um ihre Rechte zu verteidigen und ihre Lebensqualit\u00e4t zu verbessern. Das Unternehmen sammelt mehr als 1.600 Unternehmen unterteilt in regionale Verb\u00e4nde, staatliche Einrichtungen und provinziellen Verb\u00e4nde, die wiederum unterschiedlichen lokalen Verb\u00e4nden gruppiert. <br \/><\/font><\/p>\n","protected":false},"excerpt":{"rendered":"<p>COCEMFE fordert, dass Menschen mit Behinderungen Ger\u00e4te Alarm Notdienste haben -COCEMFE zeigt seine Sorge nach dem Tod einer Frau mit Behinderung als Folge der Tod Ihr Betreuer -der Fall brachte ans Licht bestimmte famili\u00e4re Pflege, die sind nicht am besten geeignet und sollte ersetzt werden durch professionelle Dienstleistungen -die sozialen Dienste haben, um ihre Intervention [&hellip;]<\/p>\n","protected":false},"author":1,"featured_media":0,"comment_status":"close","ping_status":"open","sticky":false,"template":"","format":"standard","meta":{"footnotes":""},"categories":[3],"tags":[36326,36327],"class_list":["post-25578","post","type-post","status-publish","format-standard","hentry","category-allgemeine","tag-glasgow","tag-notdienste","et-doesnt-have-format-content","et_post_format-et-post-format-standard"],"_links":{"self":[{"href":"https:\/\/www.best-dentist-dentistry.com\/de\/wp-json\/wp\/v2\/posts\/25578","targetHints":{"allow":["GET"]}}],"collection":[{"href":"https:\/\/www.best-dentist-dentistry.com\/de\/wp-json\/wp\/v2\/posts"}],"about":[{"href":"https:\/\/www.best-dentist-dentistry.com\/de\/wp-json\/wp\/v2\/types\/post"}],"author":[{"embeddable":true,"href":"https:\/\/www.best-dentist-dentistry.com\/de\/wp-json\/wp\/v2\/users\/1"}],"replies":[{"embeddable":true,"href":"https:\/\/www.best-dentist-dentistry.com\/de\/wp-json\/wp\/v2\/comments?post=25578"}],"version-history":[{"count":0,"href":"https:\/\/www.best-dentist-dentistry.com\/de\/wp-json\/wp\/v2\/posts\/25578\/revisions"}],"wp:attachment":[{"href":"https:\/\/www.best-dentist-dentistry.com\/de\/wp-json\/wp\/v2\/media?parent=25578"}],"wp:term":[{"taxonomy":"category","embeddable":true,"href":"https:\/\/www.best-dentist-dentistry.com\/de\/wp-json\/wp\/v2\/categories?post=25578"},{"taxonomy":"post_tag","embeddable":true,"href":"https:\/\/www.best-dentist-dentistry.com\/de\/wp-json\/wp\/v2\/tags?post=25578"}],"curies":[{"name":"wp","href":"https:\/\/api.w.org\/{rel}","templated":true}]}}