{"id":2561,"date":"2011-11-28T18:00:18","date_gmt":"2011-11-28T18:00:18","guid":{"rendered":null},"modified":"-0001-11-30T00:00:00","modified_gmt":"-0001-11-30T00:00:00","slug":"ana-belan-amadrina-calendar-twelve-cinderellas-by-2012-for-the-foundation-down-syndrome-madrid","status":"publish","type":"post","link":"https:\/\/www.best-dentist-dentistry.com\/de\/ana-belan-amadrina-calendar-twelve-cinderellas-by-2012-for-the-foundation-down-syndrome-madrid\/2561","title":{"rendered":"Ana Bel\u00e9n Amadrina Kalender zw\u00f6lf Cinderellas bis 2012 f\u00fcr die Stiftung, Down Syndrom, Madrid."},"content":{"rendered":"<p><strong>Ana Bel\u00e9n Amadrina Kalender zw\u00f6lf Cinderellas bis 2012 f\u00fcr die Foundation-Syndrom von unten in Madrid<\/strong> <\/p>\n<p><font size=\"2\"> <strong>Pastora Vega, Laura Sanchez, Dafne Fern\u00e1ndez, Eloy Azor\u00edn und Adri\u00e0 Collado, unter anderem, haben sich<\/strong> diese Initiative Solidarit\u00e4t.<\/p>\n<p>-die Vorteile dieses Kalenders zugeteilt werden f\u00fcr die Finanzierung des Zentrums f\u00fcr Erwachsene mit geistiger Behinderung  3 Oliven &#8221;, die die Stiftung im Jahr 2012 er\u00f6ffnet werden <\/p>\n<p> <strong>Madrid, November 2011 &#8211;<\/strong> die Lebenserwartung der Menschen mit Down-Syndrom und anderen geistigen Behinderungen ist, zum Gl\u00fcck mehr und mehr. Auch die Qualit\u00e4t des Lebens in der Erwachsenstadium dieser Menschen, die Stiftung, Down-Syndrom, erh\u00f6hen bietet Madrid Ressourcen und Projekte angepasst auf ihre Bed\u00fcrfnisse f\u00fcr Unterst\u00fctzung. <\/p>\n<p>Dazu geh\u00f6rt, Bau und Inbetriebnahme von  3 Oliven &#8221;, einer Tagesst\u00e4tte f\u00fcr Erwachsene mit Behinderungen, die verst\u00e4rkt, die Arbeit der FSDM in der Regel durchgef\u00fchrt mit diesen Leuten. Das Zentrum wird eine Residenz beinhalten und zu zentralisieren, dar\u00fcber hinaus andere Ressourcen wie Training und Einf\u00fcgen f\u00fcr das Arbeitsleben, psychologische und p\u00e4dagogische Beratung, Schule Familien, und so weiter. All dies ist zur Unterst\u00fctzung von Menschen mit geistiger Behinderung seit Beginn der Erwachsenstadium und sein ganzes Leben. <\/p>\n<p>Um zur Finanzierung dieses Zentrums, die FSDM und Navarro Stylisten haben hat eine Initiative durch die Schaffung von  zw\u00f6lf Cinderellas bis 2012 &#8221;. Es ist ein Zeitplan in Form von Kurzgeschichte an eine Gruppe von Kindern mit geistiger Behinderung und mehr als 20 K\u00fcnstlerInnen und K\u00fcnstler: Pastora Vega, Dafne Fern\u00e1ndez, Regen rot Esmeralda Moya, Ana Fern\u00e1ndez, Jes\u00fas V\u00e1zquez, Laura Sanchez, Manuela Velasco, Carolina Cerezuela, Adri\u00e1 ColladoVanesa Romero, Aida Folch, Elisa Moulia\u00e1, Maria Adanez, Elena Furiase, Ricardo Gomez, Juan Postigo, Noelia Lopez Vidal, Eloy Azor\u00edn, Laura Pamplona, Pablo Casta\u00f1\u00f3n und Patricia Vico beleben die Zeichen von Cinderella. S\u00e4ngerin Ana Bel\u00e9n fungiert als Patin des Projektes mit Fotos von Joan Crisol, Abbildungen von Peter Hergar, Leo Cerrud Texte und die Arbeit des gesamten Teams von Stylisten Navarro. <\/p>\n<p><\/font><\/p>\n","protected":false},"excerpt":{"rendered":"<p>Ana Bel\u00e9n Amadrina Kalender zw\u00f6lf Cinderellas bis 2012 f\u00fcr die Foundation-Syndrom von unten in Madrid Pastora Vega, Laura Sanchez, Dafne Fern\u00e1ndez, Eloy Azor\u00edn und Adri\u00e0 Collado, unter anderem, haben sich diese Initiative Solidarit\u00e4t. -die Vorteile dieses Kalenders zugeteilt werden f\u00fcr die Finanzierung des Zentrums f\u00fcr Erwachsene mit geistiger Behinderung 3 Oliven &#8221;, die die Stiftung [&hellip;]<\/p>\n","protected":false},"author":1,"featured_media":0,"comment_status":"close","ping_status":"open","sticky":false,"template":"","format":"standard","meta":{"footnotes":""},"categories":[3],"tags":[9216,9215,9217,9214],"class_list":["post-2561","post","type-post","status-publish","format-standard","hentry","category-allgemeine","tag-amadrina","tag-beln","tag-cinderellas","tag-sofa","et-doesnt-have-format-content","et_post_format-et-post-format-standard"],"_links":{"self":[{"href":"https:\/\/www.best-dentist-dentistry.com\/de\/wp-json\/wp\/v2\/posts\/2561","targetHints":{"allow":["GET"]}}],"collection":[{"href":"https:\/\/www.best-dentist-dentistry.com\/de\/wp-json\/wp\/v2\/posts"}],"about":[{"href":"https:\/\/www.best-dentist-dentistry.com\/de\/wp-json\/wp\/v2\/types\/post"}],"author":[{"embeddable":true,"href":"https:\/\/www.best-dentist-dentistry.com\/de\/wp-json\/wp\/v2\/users\/1"}],"replies":[{"embeddable":true,"href":"https:\/\/www.best-dentist-dentistry.com\/de\/wp-json\/wp\/v2\/comments?post=2561"}],"version-history":[{"count":0,"href":"https:\/\/www.best-dentist-dentistry.com\/de\/wp-json\/wp\/v2\/posts\/2561\/revisions"}],"wp:attachment":[{"href":"https:\/\/www.best-dentist-dentistry.com\/de\/wp-json\/wp\/v2\/media?parent=2561"}],"wp:term":[{"taxonomy":"category","embeddable":true,"href":"https:\/\/www.best-dentist-dentistry.com\/de\/wp-json\/wp\/v2\/categories?post=2561"},{"taxonomy":"post_tag","embeddable":true,"href":"https:\/\/www.best-dentist-dentistry.com\/de\/wp-json\/wp\/v2\/tags?post=2561"}],"curies":[{"name":"wp","href":"https:\/\/api.w.org\/{rel}","templated":true}]}}