{"id":25637,"date":"2012-11-18T02:35:25","date_gmt":"2012-11-18T02:35:25","guid":{"rendered":null},"modified":"-0001-11-30T00:00:00","modified_gmt":"-0001-11-30T00:00:00","slug":"several-wounded-and-detainees-in-another-day-of-protests-of-doctors-in-bolivia","status":"publish","type":"post","link":"https:\/\/www.best-dentist-dentistry.com\/de\/several-wounded-and-detainees-in-another-day-of-protests-of-doctors-in-bolivia\/25637","title":{"rendered":"Mehrere verwundete und Gefangene in einem anderen Tag der Proteste der \u00c4rzte in Bolivien"},"content":{"rendered":"<p class=\"first\"> La Paz, 2 kann (EFE).-eine unbestimmte Anzahl von Menschen heute wurden verletzt und verhaftet in mehreren Zwischenf\u00e4llen w\u00e4hrend der Proteste der \u00c4rzte, in der sechsten Woche unbefristeten Streik, durch die Entscheidung von Pr\u00e4sident Evo Morales Aufstieg 07:54 Stunden t\u00e4gliche Arbeitszeit, Quellen sagten Offiziere.<\/p>\n<p>in der N\u00e4he der zentralen Stadt Cochabamba Krankenh\u00e4user Arbeiter stie\u00dfen mit Omnibusunternehmen Passagiere betroffen durch eine Blockade der Stra\u00dfe nach La Paz und dann die Polizei, Vorf\u00e4lle einigt sich mit vier verletzten in ein Krankenhaus und 14 H\u00e4ftlinge. zugelassen<\/p>\n<p>\u00c4rzte und Krankenh\u00e4user Besch\u00e4ftigten begannen Stra\u00dfen blockieren als Teil ihrer Proteste, einschlie\u00dflich Streiks Hunger und t\u00e4glicher Streikposten Stra\u00dfe mit die wichtigste St\u00fctze der Studenten Marken wer Medizin studieren.<\/p>\n<p> &lt; p&gt; In La Paz, einige Lehrer und Sch\u00fcler waren im Hungerstreik an der medizinischen Fakult\u00e4t der staatlichen Universit\u00e4t evakuiert aus Notfall medizinische Zentren sobald eine Gas-Granate ein paar Meter vom Verschlei\u00df statt explodierte.<\/p>\n<p>Regime innen, Jorge Perez, stellvertretender sagte in einer Pressekonferenz der Polizei hatte nichts zu tun mit der Granate und die Universit\u00e4t Versionen bei, die abgelehnt wurde verursacht durch Agenten verborgen.<\/p>\n<p>Perez beschrieben den Vorfall als Kriminelle, kriminelle Handlung als &#8220;grenzender Terrorismus&#8221; und, werden untersucht, obwohl er fremde zugeschrieben, die nach eigenem Ermessen, mit dieser Ex-Demonstrationen zu gewaltt\u00e4tig gegen die Regierung.<\/p>\n<p>f\u00fcgte er hinzu, dass die Polizei nicht die Universit\u00e4tseinrichtungen treten, weil die eigenen Studenten diejenigen sind, die seine Sicherheit zum Schutz der Streiks. organisiert<\/p>\n<p>die \u00c4rzte und Gesundheitspersonal durchgef\u00fchrt eine andere Sperre auf einer Stra\u00dfe zwischen der \u00f6stlichen Departements Santa Cruz und Beni und k\u00fcndigte an, dass morgen sie die Stra\u00dfe nach Cochabamba. geschnitten werden<\/p>\n<p>der Regierung Morales abgelehnt hat, den Antrag zur Aufhebung der Verordnung, die Ihren Arbeitstag von sechs bis acht Stunden erh\u00f6ht, Sektor und hat damit begonnen, die Abz\u00fcge zu den Hunderten von \u00c4rzten angewendet, die die Proteste t\u00e4glich. EFE erf\u00fcllen,<\/p>\n<p>ja\/gb\/Ei<\/p>\n","protected":false},"excerpt":{"rendered":"<p>La Paz, 2 kann (EFE).-eine unbestimmte Anzahl von Menschen heute wurden verletzt und verhaftet in mehreren Zwischenf\u00e4llen w\u00e4hrend der Proteste der \u00c4rzte, in der sechsten Woche unbefristeten Streik, durch die Entscheidung von Pr\u00e4sident Evo Morales Aufstieg 07:54 Stunden t\u00e4gliche Arbeitszeit, Quellen sagten Offiziere. in der N\u00e4he der zentralen Stadt Cochabamba Krankenh\u00e4user Arbeiter stie\u00dfen mit Omnibusunternehmen [&hellip;]<\/p>\n","protected":false},"author":1,"featured_media":0,"comment_status":"close","ping_status":"open","sticky":false,"template":"","format":"standard","meta":{"footnotes":""},"categories":[3],"tags":[36364],"class_list":["post-25637","post","type-post","status-publish","format-standard","hentry","category-allgemeine","tag-wassers","et-doesnt-have-format-content","et_post_format-et-post-format-standard"],"_links":{"self":[{"href":"https:\/\/www.best-dentist-dentistry.com\/de\/wp-json\/wp\/v2\/posts\/25637","targetHints":{"allow":["GET"]}}],"collection":[{"href":"https:\/\/www.best-dentist-dentistry.com\/de\/wp-json\/wp\/v2\/posts"}],"about":[{"href":"https:\/\/www.best-dentist-dentistry.com\/de\/wp-json\/wp\/v2\/types\/post"}],"author":[{"embeddable":true,"href":"https:\/\/www.best-dentist-dentistry.com\/de\/wp-json\/wp\/v2\/users\/1"}],"replies":[{"embeddable":true,"href":"https:\/\/www.best-dentist-dentistry.com\/de\/wp-json\/wp\/v2\/comments?post=25637"}],"version-history":[{"count":0,"href":"https:\/\/www.best-dentist-dentistry.com\/de\/wp-json\/wp\/v2\/posts\/25637\/revisions"}],"wp:attachment":[{"href":"https:\/\/www.best-dentist-dentistry.com\/de\/wp-json\/wp\/v2\/media?parent=25637"}],"wp:term":[{"taxonomy":"category","embeddable":true,"href":"https:\/\/www.best-dentist-dentistry.com\/de\/wp-json\/wp\/v2\/categories?post=25637"},{"taxonomy":"post_tag","embeddable":true,"href":"https:\/\/www.best-dentist-dentistry.com\/de\/wp-json\/wp\/v2\/tags?post=25637"}],"curies":[{"name":"wp","href":"https:\/\/api.w.org\/{rel}","templated":true}]}}