{"id":2579,"date":"2011-11-28T18:03:22","date_gmt":"2011-11-28T18:03:22","guid":{"rendered":null},"modified":"-0001-11-30T00:00:00","modified_gmt":"-0001-11-30T00:00:00","slug":"i-express-heads-of-service-of-internal-medicine","status":"publish","type":"post","link":"https:\/\/www.best-dentist-dentistry.com\/de\/i-express-heads-of-service-of-internal-medicine\/2579","title":{"rendered":"Ich Express Dienstleiter f\u00fcr Innere Medizin."},"content":{"rendered":"<p><font   size=\"2\"> <strong><font size=\"3\"> Manifest Dienstleiter der inneren Medizin.<\/font><\/strong> <\/p>\n<p><strong>Spanien, November 2011-<\/strong> Der Leiter von Diensten f\u00fcr Innere Medizin, die in diesem Dokument, bevor Sie die Demonstrationen von bestimmten Gesundheitsbeh\u00f6rden im Zusammenhang mit dem Dekret \u00fcber die zentralen Themen und neue medizinische Spezialgebiete, beziehen sich die folgenden kommunizieren m\u00f6chten: <\/p>\n<p> 1. Spanien ist bei weitem die gr\u00f6\u00dfte Anzahl von medizinischen Spezialit\u00e4ten-europ\u00e4ischen Land, daher m\u00fcssen sie w\u00fcrde sein sehr leistungsf\u00e4hig und berechtigten Gr\u00fcnden um die Anerkennung der neuen medizinischen Spezialit\u00e4ten fortzusetzen, und so geh zur Seite, wenn m\u00f6glich, europ\u00e4ische Wirklichkeit. <\/p>\n<p>(2) Eine gr\u00f6\u00dfere Anzahl von Spezialit\u00e4ten ist nicht gleichbedeutend mit Qualit\u00e4t und tr\u00e4gt immer mit sich bringen, eine Fragmentierung des Wissens und Gesundheitsf\u00fcrsorge, eine Erh\u00f6hung der Kosten und Probleme der Lebensf\u00e4higkeit und der Gerechtigkeit. Es bedeutet auch eine gr\u00f6\u00dfere Anzahl von Besuche pro Jahr zu verschiedenen Spezialit\u00e4ten f\u00fcr jeden Patienten mit sch\u00e4dliche Auswirkungen auf die Gesundheit der Patienten und die Wirtschaft des Systems. <\/p>\n<p>(3) In den letzten Jahren erleben wir eine \u00c4nderung an der Gesundheitsversorgung f\u00fcr chronisch Pandemie. Viele Menschen leiden unter vielen dieser Krankheiten seit vielen Jahren. Diese Patienten ben\u00f6tigen Profis auf alle von ihnen in einer umfassenden Weise reagieren. In Bezug auf diese haben lange Zeit wir die Notwendigkeit, die Trainingsprogramme der medizinischen Spezialit\u00e4ten, die gesundheitlichen Bed\u00fcrfnisse und das Profil des aktuellen Patienten anzupassen auszudr\u00fccken gewesen. Dies war der Ursprung des Projekts Kern Themen, die wir stets vertreten haben. <\/p>\n<p>(4) Unsere Dienstleistungen sind sind eine vertebrale Achse der Gesundheitsversorgung f\u00fcr medizinische Krankheiten in Spanien, verantwortlich f\u00fcr 16 % der Krankenhausentlassungen, vertreten in allen Arten von Krankenh\u00e4usern und die Effizienz des Gesundheitssystems, Qualit\u00e4t und medizinischen Lehre verpflichtet. <\/p>\n<p>5. Unsere Spezialit\u00e4t wurde grundlegende im Gesundheitswesen Probleme in den letzten Jahrzehnten z. B. medizinische Notf\u00e4lle, chronische Erkrankungen, Pluripatol\u00f3gicos Patienten, HIV-Infektion oder importierten Krankheiten anzugehen. <\/p>\n<p>(6) Die Gesundheitsversorgung Bed\u00fcrfnisse der hohe Spezifit\u00e4t, die zweifellos, aufgrund der wachsenden Komplexit\u00e4t der medizinischen Praxis vorhanden, sie haben ihren Platz und einen Rahmen der Management Act der Gesundheitsberufe mit der Anerkennung der Bereiche der spezifischen Ausbildung f\u00fcr Jahre entwickeln soll. In ihnen k\u00f6nnen sie auch die Bereiche f\u00fcr die Ausbildung von Notfall- und Infektionskrankheiten t\u00e4tig, so erkennen die Anstrengung, Hingabe und Beitrag der Wert mehrere Fachleute aus der inneren Medizin und andere medizinischen Spezialit\u00e4ten enthalten. <\/p>\n<p>(7) Die spanische Gesellschaft f\u00fcr Innere Medizin (SEMI) und die nationale Spezialit\u00e4t Ausschuss haben viele geerdete Behauptungen, Form und Substanz, die Entw\u00fcrfe der Verordnungen des zentralen Themen und neue medizinische Spezialgebiete dargestellt. Uns ist inakzeptabel Verhalten von bestimmten Gesundheitsbeh\u00f6rden, die \u00f6ffentlichen Anschuldigungen von anderen Berufsgruppen beantworten sind, es sei denn, das Ministerium schriftlich an unsere Behauptungen, nach der Kan\u00e4le eingerichtet, mit einem klaren Mangel an Transparenz und Respekt geantwortet hat. <\/p>\n<p>(8) Entscheidungen \u00fcber die Gesundheitspolitik sollte l\u00f6sen Probleme ohne gr\u00f6\u00dferen und jede Vorgehensweise \u00e4ndern das Bildungssystem in der Medizin in der derzeitigen Phase der politischen Unsicherheit, Wirtschaftskrise und Mangel an Konsens zwischen den wissenschaftlichen Gesellschaften erstellen, m\u00fcssen die Auswirkungen davon ber\u00fccksichtigen. <\/p>\n<p>9 Wir glauben, dass die wesentlichen \u00c4nderungen in der Neuordnung der spezialisierten medizinischen Versorgung die Darstellung wieder wissen, wesentliche \u00c4nderungen in der Organisation der Gesundheitssysteme oder konsolidierte Pressen muss der assistierten Bev\u00f6lkerung und neigen gehorchen m\u00fcssen zu synthetisieren, flexibler und Permeabilit\u00e4t Posgraduada Trainingssystem geben. Keine dieser Situationen in den Entscheidungen ersichtlich, dass wir behaupten, dass sie durch Unternehmen Druck und Union Bedrohungen entstehen. <\/p>\n<p>Aus all diesen Gr\u00fcnden sind wir stark gegen die Annahme der neuen medizinischen Spezialit\u00e4ten in Spanien. <\/p>\n<p>Seiner Annahme w\u00fcrde die \u00c4nderung der bestehenden Portfolios von klinischen Leistungen, die Trainingsprogramme von unsere Spezialit\u00e4t, die Reorganisation der Gesundheitszentren f\u00fchren, und die Verhandlungen \u00fcber die m\u00f6gliche doppelte Grad von Spezialisten, die Reorganisation in der Versorgung der Schule Orte erfordern w\u00fcrde, und die Definition der medizinisch-rechtlichen Verantwortlichkeiten. All dies, ohne erhebliche Beweise, verbessert die Qualit\u00e4t der Pflege oder wird die Nachhaltigkeit der Gesundheitssysteme zu erleichtern. <\/p>\n<p>In einem solchen Fall m\u00fcssten wir unsere Unterst\u00fctzung f\u00fcr den Erlass und die Einf\u00fchrung des Entwurfs der zentralen Themen im spanischen Bradforder Lehrkliniken zu \u00fcberdenken. <\/p>\n<p><\/font><\/p>\n","protected":false},"excerpt":{"rendered":"<p>Manifest Dienstleiter der inneren Medizin. Spanien, November 2011- Der Leiter von Diensten f\u00fcr Innere Medizin, die in diesem Dokument, bevor Sie die Demonstrationen von bestimmten Gesundheitsbeh\u00f6rden im Zusammenhang mit dem Dekret \u00fcber die zentralen Themen und neue medizinische Spezialgebiete, beziehen sich die folgenden kommunizieren m\u00f6chten: 1. Spanien ist bei weitem die gr\u00f6\u00dfte Anzahl von medizinischen [&hellip;]<\/p>\n","protected":false},"author":1,"featured_media":0,"comment_status":"close","ping_status":"open","sticky":false,"template":"","format":"standard","meta":{"footnotes":""},"categories":[3],"tags":[9269,9268],"class_list":["post-2579","post","type-post","status-publish","format-standard","hentry","category-allgemeine","tag-dienstleiter","tag-femoroacetabular-konflikt","et-doesnt-have-format-content","et_post_format-et-post-format-standard"],"_links":{"self":[{"href":"https:\/\/www.best-dentist-dentistry.com\/de\/wp-json\/wp\/v2\/posts\/2579","targetHints":{"allow":["GET"]}}],"collection":[{"href":"https:\/\/www.best-dentist-dentistry.com\/de\/wp-json\/wp\/v2\/posts"}],"about":[{"href":"https:\/\/www.best-dentist-dentistry.com\/de\/wp-json\/wp\/v2\/types\/post"}],"author":[{"embeddable":true,"href":"https:\/\/www.best-dentist-dentistry.com\/de\/wp-json\/wp\/v2\/users\/1"}],"replies":[{"embeddable":true,"href":"https:\/\/www.best-dentist-dentistry.com\/de\/wp-json\/wp\/v2\/comments?post=2579"}],"version-history":[{"count":0,"href":"https:\/\/www.best-dentist-dentistry.com\/de\/wp-json\/wp\/v2\/posts\/2579\/revisions"}],"wp:attachment":[{"href":"https:\/\/www.best-dentist-dentistry.com\/de\/wp-json\/wp\/v2\/media?parent=2579"}],"wp:term":[{"taxonomy":"category","embeddable":true,"href":"https:\/\/www.best-dentist-dentistry.com\/de\/wp-json\/wp\/v2\/categories?post=2579"},{"taxonomy":"post_tag","embeddable":true,"href":"https:\/\/www.best-dentist-dentistry.com\/de\/wp-json\/wp\/v2\/tags?post=2579"}],"curies":[{"name":"wp","href":"https:\/\/api.w.org\/{rel}","templated":true}]}}