{"id":25802,"date":"2012-11-19T02:37:50","date_gmt":"2012-11-19T02:37:50","guid":{"rendered":null},"modified":"-0001-11-30T00:00:00","modified_gmt":"-0001-11-30T00:00:00","slug":"costa-rica-fail-to-appear-in-court-hearing-by-conflict-with-nicaragua","status":"publish","type":"post","link":"https:\/\/www.best-dentist-dentistry.com\/de\/costa-rica-fail-to-appear-in-court-hearing-by-conflict-with-nicaragua\/25802","title":{"rendered":"costa rica fail to appear in court hearing by conflict with nicaragua"},"content":{"rendered":"<p class=\"first\"> Managua, 10. Mai (EFE).-Costa Rica keine Asisti\u00f3 a la Audiencia y oral P\u00fablica Convocada Para Hoy Por la Corte Centroamericana de Justicia (CCJ) de Managua Por Uno de Los Litigios Que ese Pa\u00eds Mantiene con Nicaragua Por el Fronterizo R\u00edo San Juan.<\/p>\n<p>El Presidente del Tribunal, el Nicarag\u00fcense Carlos Guerra, Inform\u00f3 de Que Pese a la Ausencia de Costa Rica, Que no Reconoce ein Esa-Corte, Los Einzel-Celebrar\u00e1n la Audiencia y Escuchar\u00e1n Los Alegatos de Nicaragua, Que Acusa ein San Jos\u00e9 de Contaminar el R\u00edo San Juan Con la Construcci\u00f3n de Una Carretera de 120 Kil\u00f3metros.<\/p>\n<p>La Corte Centroamericana, Sede de Managua, Admiti\u00f3 de Diciembre Pasado Una Demanda de Organismos de Defensa del Medio Ambiente keine Gubernamentales Nicarag\u00fcenses Contra la Carretera Que Costa Rica Construye de Su Territorio, al Sur del R\u00edo San Juan. con<\/p>\n<p>Seg\u00fan Managua, las Obras Causan Da\u00f1os al Medio Ambiente del R\u00edo San Juan, de Soberan\u00eda Nicarag\u00fcense.<\/p>\n<p>El Court ordered in January to Costa Rica suspended the construction of the highway, but San Jose, which does not recognize the authority of the regional court, has not responded to that decision.<\/p>\n<p>Costa Rica does not belong to the Central American Court and on a tour of the region which last February made his Chancellor, Enrique Castillo, accused that Court, with headquarters in Nicaragua, of distorting the conflict territorial.<\/p>\n<p>at the hearing on Thursday, which is carried out in an auditorium of the Catholic University, in the South of Managua, is expected to make a presentation on the damage that attribute you to the carretera Costa Rican. the Nicaraguan on environmental issues expert Jaime Incer Barquero<\/p>\n<p>309 miles of the border between Nicaragua and Costa Rica, a total of 140 kilometers occupies them the San Juan River to its mouth in the Caribbean Sea.<\/p>\n<p>the Zentralamerikanischen Gerichtshof wurde 1991 gegr\u00fcndet und bietet derzeit sechs Richtern aus El Salvador, Honduras und Nicaragua, w\u00e4hrend von Guatemala wird benennen ihre Vertreter und Panama, sowie Costa Rica, nicht den anerkannten.<\/p>\n<p>San Jos\u00e9 und Managua, Beh\u00f6rden verwaltet auch einen Streit seit Oktober 2010, als Costa Rica angeklagt vor dem internationalen Gerichtshof (IGH) nach Nicaragua mit Milit\u00e4r und Zivilisten eindringen und verursachen Umweltsch\u00e4den ein Feuchtgebiet-Grenze in der Karibik, in einem Gebiet, das beide L\u00e4nder als eigene Meinung im River San Juan.<\/p>\n<p>im M\u00e4rz 2011, der IGH bestellte die beiden L\u00e4nder w\u00e4hrend des Konflikts zu l\u00c3\u00bcften, Sicherheitspersonal, Wehr- oder Zivildienst, in Streit. EFE Zone versenden unterlassen<\/p>\n<p>Lfp-Lll\/AMF\/Ar<\/p>\n","protected":false},"excerpt":{"rendered":"<p>Managua, 10. Mai (EFE).-Costa Rica keine Asisti\u00f3 a la Audiencia y oral P\u00fablica Convocada Para Hoy Por la Corte Centroamericana de Justicia (CCJ) de Managua Por Uno de Los Litigios Que ese Pa\u00eds Mantiene con Nicaragua Por el Fronterizo R\u00edo San Juan. El Presidente del Tribunal, el Nicarag\u00fcense Carlos Guerra, Inform\u00f3 de Que Pese a [&hellip;]<\/p>\n","protected":false},"author":1,"featured_media":0,"comment_status":"close","ping_status":"open","sticky":false,"template":"","format":"standard","meta":{"footnotes":""},"categories":[3],"tags":[],"class_list":["post-25802","post","type-post","status-publish","format-standard","hentry","category-allgemeine","et-doesnt-have-format-content","et_post_format-et-post-format-standard"],"_links":{"self":[{"href":"https:\/\/www.best-dentist-dentistry.com\/de\/wp-json\/wp\/v2\/posts\/25802","targetHints":{"allow":["GET"]}}],"collection":[{"href":"https:\/\/www.best-dentist-dentistry.com\/de\/wp-json\/wp\/v2\/posts"}],"about":[{"href":"https:\/\/www.best-dentist-dentistry.com\/de\/wp-json\/wp\/v2\/types\/post"}],"author":[{"embeddable":true,"href":"https:\/\/www.best-dentist-dentistry.com\/de\/wp-json\/wp\/v2\/users\/1"}],"replies":[{"embeddable":true,"href":"https:\/\/www.best-dentist-dentistry.com\/de\/wp-json\/wp\/v2\/comments?post=25802"}],"version-history":[{"count":0,"href":"https:\/\/www.best-dentist-dentistry.com\/de\/wp-json\/wp\/v2\/posts\/25802\/revisions"}],"wp:attachment":[{"href":"https:\/\/www.best-dentist-dentistry.com\/de\/wp-json\/wp\/v2\/media?parent=25802"}],"wp:term":[{"taxonomy":"category","embeddable":true,"href":"https:\/\/www.best-dentist-dentistry.com\/de\/wp-json\/wp\/v2\/categories?post=25802"},{"taxonomy":"post_tag","embeddable":true,"href":"https:\/\/www.best-dentist-dentistry.com\/de\/wp-json\/wp\/v2\/tags?post=25802"}],"curies":[{"name":"wp","href":"https:\/\/api.w.org\/{rel}","templated":true}]}}