{"id":2582,"date":"2011-11-29T10:00:25","date_gmt":"2011-11-29T10:00:25","guid":{"rendered":null},"modified":"-0001-11-30T00:00:00","modified_gmt":"-0001-11-30T00:00:00","slug":"la-rioja-closes-the-health-agreement-with-navarra-and-remained-open-with-basque-country","status":"publish","type":"post","link":"https:\/\/www.best-dentist-dentistry.com\/de\/la-rioja-closes-the-health-agreement-with-navarra-and-remained-open-with-basque-country\/2582","title":{"rendered":"La Rioja schlie\u00dft das Abkommen mit Navarra und blieb offen mit Baskenland"},"content":{"rendered":"<p>Logro\u00f1o, 29 nov (EFE).-der Pr\u00e4sident der Regierung von La Rioja, Pedro Sanz, gab heute bekannt, dass das Abkommen mit Navarra f\u00fcr die Gesundheit in Prim\u00e4r- und spezialisierte Versorgung von Patienten aus dem benachbarten St\u00e4dte abgeschlossen wurde und, dass es noch &#8220;offen unterstrichen hat&#8221;, mit dem Baskenland &#8220;in den gleichen Bedingungen&#8221; zu verhandeln.<\/p>\n<p>Sanz, wer hat diese \u00c4u\u00dferungen Journalisten vor der Teilnahme in einem Akt der Ehrerbietung an ehemaliger Lehrer, bezeichnet die Ablehnung der baskischen Regierung zu den Gegenvorschlag gemacht durch die Rioja EZB zu medizinischer Versorgung zu den Gemeinden nahe La Rioja Alava.<\/p>\n<p>Wurde behoben, da die baskische Regierung hat die Bereitstellung guter Spezialist und medizinische Grundversorgung f\u00fcr seine B\u00fcrger &#8220;Ich \u00fcbergeben das Thema bereits&#8221;, &#8220;und wenn Sie nicht, Vitoria wollen, Sie m\u00fcssen eine andere Alternative zu finden&#8221;.<\/p>\n<p>&#8220;Ich habe nichts zu tun mit den Ortschaften Alava Laguardia, Elciego und Oy\u00f3n&#8221; &#8211; befindet sich 15 km von Logro\u00f1o und etwa 60 Vitoria-bekr\u00e4ftigt Sanz, weil es nicht Wettbewerb von La Rioja anzubieten diese B\u00fcrger solche Gesundheit.<\/p>\n<p>&#8220;Das h\u00e4tte etwas finden, das sich bewegt,&#8221; meinte hat Sanz, f\u00fcr wen &#8220;von La Rioja Gesundheitsdienste f\u00fcr jeden zug\u00e4nglich sind, sie verwenden will&#8221; hat entweder in der baskischen Provinz \u00c1lava, Navarra und Aragonien, aber diese Verwendung einer wirtschaftlichen Kosten, die &#8220;nicht fallen auf der Tasche von der Hauptachse&#8221;.<\/p>\n<p>&#8220;Sind offen f\u00fcr diesen Anruf, wann immer sie wollen (aushandeln);: von dort, jeder ist verantwortlich f\u00fcr seine eigene&#8221;, hinzugef\u00fcgt der Premierminister aus.<\/p>\n<p>Regionalregierung ist &#8220;offen&#8221; f\u00fcr den Dialog, es hat Sanz, der glaubt, dass das Datum im Dezember eine Einigung verl\u00e4ngert werden kann, weil alles immer offen f\u00fcr die Zusammenarbeit ist, wie bei Navarra, deren Zustimmung wird morgen ver\u00f6ffentlicht oder gegangen.<\/p>\n","protected":false},"excerpt":{"rendered":"<p>Logro\u00f1o, 29 nov (EFE).-der Pr\u00e4sident der Regierung von La Rioja, Pedro Sanz, gab heute bekannt, dass das Abkommen mit Navarra f\u00fcr die Gesundheit in Prim\u00e4r- und spezialisierte Versorgung von Patienten aus dem benachbarten St\u00e4dte abgeschlossen wurde und, dass es noch &#8220;offen unterstrichen hat&#8221;, mit dem Baskenland &#8220;in den gleichen Bedingungen&#8221; zu verhandeln. Sanz, wer hat [&hellip;]<\/p>\n","protected":false},"author":1,"featured_media":0,"comment_status":"close","ping_status":"open","sticky":false,"template":"","format":"standard","meta":{"footnotes":""},"categories":[3],"tags":[9277,9276],"class_list":["post-2582","post","type-post","status-publish","format-standard","hentry","category-allgemeine","tag-blieb","tag-quellen","et-doesnt-have-format-content","et_post_format-et-post-format-standard"],"_links":{"self":[{"href":"https:\/\/www.best-dentist-dentistry.com\/de\/wp-json\/wp\/v2\/posts\/2582","targetHints":{"allow":["GET"]}}],"collection":[{"href":"https:\/\/www.best-dentist-dentistry.com\/de\/wp-json\/wp\/v2\/posts"}],"about":[{"href":"https:\/\/www.best-dentist-dentistry.com\/de\/wp-json\/wp\/v2\/types\/post"}],"author":[{"embeddable":true,"href":"https:\/\/www.best-dentist-dentistry.com\/de\/wp-json\/wp\/v2\/users\/1"}],"replies":[{"embeddable":true,"href":"https:\/\/www.best-dentist-dentistry.com\/de\/wp-json\/wp\/v2\/comments?post=2582"}],"version-history":[{"count":0,"href":"https:\/\/www.best-dentist-dentistry.com\/de\/wp-json\/wp\/v2\/posts\/2582\/revisions"}],"wp:attachment":[{"href":"https:\/\/www.best-dentist-dentistry.com\/de\/wp-json\/wp\/v2\/media?parent=2582"}],"wp:term":[{"taxonomy":"category","embeddable":true,"href":"https:\/\/www.best-dentist-dentistry.com\/de\/wp-json\/wp\/v2\/categories?post=2582"},{"taxonomy":"post_tag","embeddable":true,"href":"https:\/\/www.best-dentist-dentistry.com\/de\/wp-json\/wp\/v2\/tags?post=2582"}],"curies":[{"name":"wp","href":"https:\/\/api.w.org\/{rel}","templated":true}]}}