{"id":2583,"date":"2011-11-29T10:00:31","date_gmt":"2011-11-29T10:00:31","guid":{"rendered":null},"modified":"-0001-11-30T00:00:00","modified_gmt":"-0001-11-30T00:00:00","slug":"the-basque-government-hoped-that-rajoy-would-order-in-the-conflict-with-la-rioja","status":"publish","type":"post","link":"https:\/\/www.best-dentist-dentistry.com\/de\/the-basque-government-hoped-that-rajoy-would-order-in-the-conflict-with-la-rioja\/2583","title":{"rendered":"Die baskische Regierung hoffte, dass Rajoy &#8220;&#8221; im Konflikt mit La Rioja bestellen w\u00fcrde"},"content":{"rendered":"<p>Vitoria, 29 nov (EFE).-der baskischen Regierung darauf vertraut, dass der n\u00e4chste Pr\u00e4sident, Mariano Rajoy, &#8220;Bestellung&#8221; in der Gesundheitsversorgung Konflikt zwischen Baskenland und La Rioja &#8220;ohne das Elend des Geldes&#8221; setzen.<\/p>\n<p>So die Sprecher des Vorstands Idoia Mendia, w\u00e4hrend der Pressekonferenz nach der EZB-Rat in Bezug auf Verhandlungen hat ge\u00e4u\u00dfert, dass die Regierungen baskischen und La Rioja Alava Gemeinden Grenze mit La Rioja. Gesundheitsversorgung anzubieten durchgef\u00fchrt<\/p>\n<p>September letzten Jahres die Rioja Regierung beschlossen, Gesundheitsversorgung, die Rioja Alava zu stoppen und sowohl F\u00fchrungskr\u00e4fte verhandeln jetzt wiederherstellen dieser Dienste vor Dezember 1.<\/p>\n<p>Abkommens scheint schwierig sein, da die baskische Regierung &#8220;v\u00f6llig inakzeptabel&#8221; Vorschl\u00e4ge von La Rioja h\u00e4lt, weil es wirtschaftliche Schadensersatz weiterhin.<\/p>\n<p>Mendia hat erkl\u00e4rt, dass die baskische Regierung einen Vorschlag mit &#8220;vern\u00fcnftigen&#8221; Grundlage aus der Situation vor dem September zur\u00fcck hat, weil keine Sorgfalt Gesundheit reduzieren kann.<\/p>\n<p>In seinem Angebot die baskische Regierung hat eine Reihe von Pflege Entsch\u00e4digung wie Rioja kann, im Baskenland in klinischen Dienste dort in der Gemeinschaft La Rioja serviert werden.<\/p>\n<p>Obwohl die Sprecher sagte, die schlie\u00dft keine Vereinbarung vor dem 1. Dezember, hat darauf hingewiesen, dass ist dies nicht der Fall m\u00fcssen Sie handeln der Regierung Spaniens, grundlegende Management-Kompetenzen Gesundheit hat.<\/p>\n<p>Hat somit auf gest\u00fctzt, dass Rajoy, wenn Einberufung von regionale F\u00fchrern der PP von La Rioja, Pedro Sanz, einschlie\u00dflich einer &#8220;bestellen&#8221; auf ein Problem so grundlegenden Fragen wie Gesundheit und Gesundheit Gleichheit f\u00fcr alle &#8220;ohne das Elend des Geldes&#8221;.<\/p>\n<p>Rajoy gebeten, wenn er glaubt, eines nationalen Gesundheitsf\u00fcrsorgesystems, Gleichstellung von allen Spaniern oder dass wenn er, in eine &#8220;geteilte, voller R\u00e4tsel und ungleiche&#8221; Spanien glaubt.<\/p>\n<p>Wenn Sie nicht in der Lage, Rajoy l\u00f6sen diese Angelegenheit &#8220;kaum wollen Ordnung in den Bereichen wie M\u00e4rkte oder das Defizit gebracht&#8221;, meinte hat Mendia.<\/p>\n","protected":false},"excerpt":{"rendered":"<p>Vitoria, 29 nov (EFE).-der baskischen Regierung darauf vertraut, dass der n\u00e4chste Pr\u00e4sident, Mariano Rajoy, &#8220;Bestellung&#8221; in der Gesundheitsversorgung Konflikt zwischen Baskenland und La Rioja &#8220;ohne das Elend des Geldes&#8221; setzen. So die Sprecher des Vorstands Idoia Mendia, w\u00e4hrend der Pressekonferenz nach der EZB-Rat in Bezug auf Verhandlungen hat ge\u00e4u\u00dfert, dass die Regierungen baskischen und La [&hellip;]<\/p>\n","protected":false},"author":1,"featured_media":0,"comment_status":"close","ping_status":"open","sticky":false,"template":"","format":"standard","meta":{"footnotes":""},"categories":[3],"tags":[9279,9277,9278],"class_list":["post-2583","post","type-post","status-publish","format-standard","hentry","category-allgemeine","tag-bestellen","tag-blieb","tag-rajoy","et-doesnt-have-format-content","et_post_format-et-post-format-standard"],"_links":{"self":[{"href":"https:\/\/www.best-dentist-dentistry.com\/de\/wp-json\/wp\/v2\/posts\/2583","targetHints":{"allow":["GET"]}}],"collection":[{"href":"https:\/\/www.best-dentist-dentistry.com\/de\/wp-json\/wp\/v2\/posts"}],"about":[{"href":"https:\/\/www.best-dentist-dentistry.com\/de\/wp-json\/wp\/v2\/types\/post"}],"author":[{"embeddable":true,"href":"https:\/\/www.best-dentist-dentistry.com\/de\/wp-json\/wp\/v2\/users\/1"}],"replies":[{"embeddable":true,"href":"https:\/\/www.best-dentist-dentistry.com\/de\/wp-json\/wp\/v2\/comments?post=2583"}],"version-history":[{"count":0,"href":"https:\/\/www.best-dentist-dentistry.com\/de\/wp-json\/wp\/v2\/posts\/2583\/revisions"}],"wp:attachment":[{"href":"https:\/\/www.best-dentist-dentistry.com\/de\/wp-json\/wp\/v2\/media?parent=2583"}],"wp:term":[{"taxonomy":"category","embeddable":true,"href":"https:\/\/www.best-dentist-dentistry.com\/de\/wp-json\/wp\/v2\/categories?post=2583"},{"taxonomy":"post_tag","embeddable":true,"href":"https:\/\/www.best-dentist-dentistry.com\/de\/wp-json\/wp\/v2\/tags?post=2583"}],"curies":[{"name":"wp","href":"https:\/\/api.w.org\/{rel}","templated":true}]}}