{"id":25930,"date":"2012-11-20T02:34:59","date_gmt":"2012-11-20T02:34:59","guid":{"rendered":null},"modified":"-0001-11-30T00:00:00","modified_gmt":"-0001-11-30T00:00:00","slug":"the-american-college-of-physicians-a-honorable-scholarship-awarded-to-the-president-of-the-spanish-society-of-internal-medicine","status":"publish","type":"post","link":"https:\/\/www.best-dentist-dentistry.com\/de\/the-american-college-of-physicians-a-honorable-scholarship-awarded-to-the-president-of-the-spanish-society-of-internal-medicine\/25930","title":{"rendered":"Das American College of Physicians erhielt ein ehrenwerter Stipendium an den Pr\u00e4sidenten der spanischen Gesellschaft f\u00fcr Innere Medizin"},"content":{"rendered":"<p class=\"first\"> MADRID, 3 (EUROPA PRESS)<\/p>\n<p><span class=\"yshortcuts\" id=\"lw_1336062438_8\"> American College of Physicians<\/span> (ACP), w\u00e4hrend seine Jahrestagung abgehalten in New Orleans, erhielt ein Stipendium vergeben an den Pr\u00e4sidenten der <span class=\"yshortcuts\" id=\"lw_1336062438_1\"> spanischen Gesellschaft f\u00fcr Innere Medizin<\/span> (SEMI) und Direktor der Abteilung f\u00fcr Medizin der Hospital Costa del Sol, Javier Garc\u00eda Freude. interne<\/p>\n<p>studierte an der Universidad Complutense de Madrid und zum Doktor der Medizin an der Universit\u00e4t von C\u00f3rdoba, Freude Garcia war Pr\u00e4sident der spanischen Gesellschaft f\u00fcr Innere Medizin (SEMI) im Oktober 2010 nach vier Jahren Vizepr\u00e4sident des Unternehmens. Dar\u00fcber hinaus wird mit dem Namen, er ist der Direktor der integrierten Bereich \u00e4rztlicher Leitung des Zentrums, wo er nach den Posten des medical Direktor Hospital Universitario Reina Sof\u00eda de C\u00f3rdoba lebte.<\/p>\n<p>auch, im Bereich Lehre Freude Garcia ist au\u00dferordentlicher Professor der Abteilung f\u00fcr Medizin der Universit\u00e4t M\u00e1laga und Profesor-Colaborador der andalusischen Schule der \u00f6ffentlichen Gesundheit und der der Universidad international de Andalucia.<\/p>\n<p>internationale Sitzung<\/p>\n<p>Freude Garcia hat dieses Stipendium Honorable im Rahmen der internationalen Tagung organisiert j\u00e4hrlich von ACP mit dem Ziel der Austausch von Erfahrungen und geben alle F\u00fchrungskr\u00e4fte der unterschiedlichen Verb\u00e4nden und nationalen Gesellschaften, die Gelegenheit haben ein Forum, wo alle Aspekte mit auf innere Medizin Bezug, setzen gemeinsam au\u00dferhalb seiner Grenzen.<\/p>\n<p>aus diesem Anlass hat das Programm die M\u00f6glichkeit, Fragen \u00fcber Module f\u00fcr Innere Medizin, die Teilnehmer hat eine vorl\u00e4ufige Analyse der Inhalte f\u00fcr die Auswahl der wissenschaftlichen Sitzungen enthalten diese gehen.<\/p>\n<p>auch eine Liste der Workshops und andere Veranstaltungen aus dem Jahr ausschlie\u00dflich f\u00fcr Studierende der Medizin, Bewohner und junge \u00c4rzte fanden. Dar\u00fcber hinaus hatte dieses Treffen Sonderveranstaltungen und der neuesten Technologie und Kommunikation \u00fcber social Networking und video-Conferencing f\u00fcr Weiterverbreitung und Entlastung der verschiedenen wissenschaftlichen Sitzungen. <\/p>\n","protected":false},"excerpt":{"rendered":"<p>MADRID, 3 (EUROPA PRESS) American College of Physicians (ACP), w\u00e4hrend seine Jahrestagung abgehalten in New Orleans, erhielt ein Stipendium vergeben an den Pr\u00e4sidenten der spanischen Gesellschaft f\u00fcr Innere Medizin (SEMI) und Direktor der Abteilung f\u00fcr Medizin der Hospital Costa del Sol, Javier Garc\u00eda Freude. interne studierte an der Universidad Complutense de Madrid und zum Doktor [&hellip;]<\/p>\n","protected":false},"author":1,"featured_media":0,"comment_status":"close","ping_status":"open","sticky":false,"template":"","format":"standard","meta":{"footnotes":""},"categories":[3],"tags":[36616],"class_list":["post-25930","post","type-post","status-publish","format-standard","hentry","category-allgemeine","tag-ehrenwerter","et-doesnt-have-format-content","et_post_format-et-post-format-standard"],"_links":{"self":[{"href":"https:\/\/www.best-dentist-dentistry.com\/de\/wp-json\/wp\/v2\/posts\/25930","targetHints":{"allow":["GET"]}}],"collection":[{"href":"https:\/\/www.best-dentist-dentistry.com\/de\/wp-json\/wp\/v2\/posts"}],"about":[{"href":"https:\/\/www.best-dentist-dentistry.com\/de\/wp-json\/wp\/v2\/types\/post"}],"author":[{"embeddable":true,"href":"https:\/\/www.best-dentist-dentistry.com\/de\/wp-json\/wp\/v2\/users\/1"}],"replies":[{"embeddable":true,"href":"https:\/\/www.best-dentist-dentistry.com\/de\/wp-json\/wp\/v2\/comments?post=25930"}],"version-history":[{"count":0,"href":"https:\/\/www.best-dentist-dentistry.com\/de\/wp-json\/wp\/v2\/posts\/25930\/revisions"}],"wp:attachment":[{"href":"https:\/\/www.best-dentist-dentistry.com\/de\/wp-json\/wp\/v2\/media?parent=25930"}],"wp:term":[{"taxonomy":"category","embeddable":true,"href":"https:\/\/www.best-dentist-dentistry.com\/de\/wp-json\/wp\/v2\/categories?post=25930"},{"taxonomy":"post_tag","embeddable":true,"href":"https:\/\/www.best-dentist-dentistry.com\/de\/wp-json\/wp\/v2\/tags?post=25930"}],"curies":[{"name":"wp","href":"https:\/\/api.w.org\/{rel}","templated":true}]}}