{"id":25952,"date":"2012-11-20T02:39:10","date_gmt":"2012-11-20T02:39:10","guid":{"rendered":null},"modified":"-0001-11-30T00:00:00","modified_gmt":"-0001-11-30T00:00:00","slug":"un-says-that-this-year-they-must-agree-climate-targets","status":"publish","type":"post","link":"https:\/\/www.best-dentist-dentistry.com\/de\/un-says-that-this-year-they-must-agree-climate-targets\/25952","title":{"rendered":"UN sagt, dass sie in diesem Jahr die Klimaziele zustimmen m\u00fcssen"},"content":{"rendered":"<p class=\"first\"> London (Reuters) &#8211; L\u00e4nder, die im Jahr 2015 ein Abkommen unterzeichnet hat,<\/p>\n<p>, <\/p>\n<p>zur Reduzierung der <span class=\"yshortcuts\" id=\"lw_1337200745_2\"> Treibhausgas-Emissionen<\/span> m\u00fcssen sie herstellen<\/p>\n<p>Ziele dieses Jahr um sicherzustellen, dass die notwendige Arbeit auf Zeit, sagte<\/p>\n<p>am Mittwoch <span class=\"yshortcuts\" id=\"lw_1337200745_5\"> Vereinten Nationen<\/span> verantwortlich Klima for&#8230;in<\/p>\n<p>im vergangenen Jahr in <span class=\"yshortcuts\" id=\"lw_1337200745_1\"> Durban<\/span>, <span class=\"yshortcuts\" id=\"lw_1337200745_0\"> UN<\/span> Gespr\u00e4che gemacht<\/p>\n<p>S\u00fcdafrika, vereinbart ein Paket von Ma\u00dfnahmen, die alle verpflichtet w\u00e4ren die<\/p>\n<p>Kontaminanten in der Welt rechtlich verbindliche Initiativen zur Umsetzung<\/p>\n<p>verlangsamen das Tempo der globalen Erw\u00e4rmung insgesamt.<\/p>\n<p>Delegaten vereinbart, dass der Aufruf &#8220;Durban Plattform f\u00fcr Aktionen<\/p>\n<p>verbesserte&#8221;&#8221;, ein Prozess, ein neues Protokoll, gesetzliche Instrument zu entwickeln oder<\/p>\n<p>verbindliche Vereinbarung bis 2015 gilt f\u00fcr alle Beteiligten innerhalb der<\/p>\n<p>UN-Klimakonvention und das Inkrafttreten nicht sp\u00e4testens 2020 geben w\u00fcrde.<\/p>\n<p>wurden jedoch noch nicht festgelegten Ziele oder einen Zeitplan f\u00fcr<\/p>\n<p>diesen Prozess.<\/p>\n<p>&#8221; Parteien m\u00fcssen zwischen jetzt und Doha denken wie sie organisieren wollen Ihre<\/p>\n<p>Arbeiten bis 2015 und wird wie in Richtung dieser rechtlichen Vereinbarung voraus &#8220;, sagte in der<\/p>\n<p>Global Summit von Reuters f\u00fcr Energie und <span class=\"yshortcuts\"id=\"lw_1337200745_4\"> Umwelt Christiana Figueres<\/span>,<\/p>\n<p>Exekutivsekret\u00e4r der UN <span class=\"yshortcuts\"id=\"lw_1337200745_7\"> Klimawandel<\/span> Framework Convention.<\/p>\n<p>&#8221; meine Hoffnung ist, dass es Ziele auf dem Weg zu schaffen, wird<\/p>\n<p>k\u00f6nnen ihren Fortschritt zu messen &#8220;, hinzugef\u00fcgt.<\/p>\n<p> < p\"&gt; UN climate talks are taking place these days in<\/p>\n<p>Bonn, Germany, until 25 May. is expected to hold further negotiations<\/p>\n<p>in Korea of the South in the autumn and in Doha, Qatar, at the end of the year.<\/p>\n<p>this week in Bonn will form a working group for the platform<\/p>\n<p>Durban.<\/p>\n<p>&#8220;how it will that (set goals) could be decided at the end of this<\/p>\n<p>week, once you hear the first release (of the Group)&#8221;, added<\/p>\n<p>Figueres in a conference call with the Summit of Reuters in London.<\/p>\n<p>other topics to address in Qatar at the end of year and Bonn are how to apply a<\/p>\n<p>extension of the Kyoto Protocol, how to raise the scope of the promises of<\/p>\n<p>emission reduction and the way in which long-term funding will increase<\/p>\n<p>term to help countries most vulnerable to adapt to the damaging effects<\/p>\n<p> &lt; p> del Cambio Clim\u00e1tico.<\/p>\n<p>de Las Conversaciones Clim\u00e1ticas de Durban Se Acord\u00f3 Dise\u00f1ar un Fondo Verde<\/p>\n<p>Clim\u00e1tico, Que Deber\u00eda Ayudar a Canalizar Hasta 100.000 Millones de D\u00f3lares al<\/p>\n<p>Para-el A\u00f1o 2020 ein Los Pa\u00edses de Desarrollo M\u00e1s Afectados Por el Cambio<\/p>\n<p>Clim\u00e1tico.<\/p>\n<p>El Fondo Sigue Vac\u00edo, Aunque Heu Conversaciones de Marcha Sobre C\u00f3mo<\/p>\n<p>Llenarlo, Dijo Figueres.<\/p>\n<p>Muchos Pa\u00edses, Entre Ellos Los De La Uni\u00f3n Europea, kein Han Ofrecido un Plan<\/p>\n<p>Para Dar Financiaci\u00f3n ein largo proc\u00e9dure ein Este-\u00c1rea de Medio de Una Krise De La<\/p>\n<p>Zona Euro y de Otras Econom\u00edas Importantes.<\/p>\n<p>No es posible Financiar el Fondo Hasta Que Se Forme Su Consejo Directivo, y<\/p>\n<p>Eso A\u00fan kein Est\u00e1 Decidido, Despu\u00e9s de Que Hubiera M\u00e1s Pa\u00edses Aspirando a un<\/p>\n<p>Puesto Que Plazas Disponibles En el Consejo.<\/p>\n<p>Estaba Previsto Que la Primera Reuni\u00f3n del Consejo Se Celebre el 31 de Mayo,<\/p>\n<p>Pero Es scheint immer wahrscheinlicher, dass es verschoben werden, wenn es keine Vereinbarung \u00fcber die<\/p>\n<p>Rat.<\/p>\n","protected":false},"excerpt":{"rendered":"<p>London (Reuters) &#8211; L\u00e4nder, die im Jahr 2015 ein Abkommen unterzeichnet hat, , zur Reduzierung der Treibhausgas-Emissionen m\u00fcssen sie herstellen Ziele dieses Jahr um sicherzustellen, dass die notwendige Arbeit auf Zeit, sagte am Mittwoch Vereinten Nationen verantwortlich Klima for&#8230;in im vergangenen Jahr in Durban, UN Gespr\u00e4che gemacht S\u00fcdafrika, vereinbart ein Paket von Ma\u00dfnahmen, die alle [&hellip;]<\/p>\n","protected":false},"author":1,"featured_media":0,"comment_status":"close","ping_status":"open","sticky":false,"template":"","format":"standard","meta":{"footnotes":""},"categories":[3],"tags":[],"class_list":["post-25952","post","type-post","status-publish","format-standard","hentry","category-allgemeine","et-doesnt-have-format-content","et_post_format-et-post-format-standard"],"_links":{"self":[{"href":"https:\/\/www.best-dentist-dentistry.com\/de\/wp-json\/wp\/v2\/posts\/25952","targetHints":{"allow":["GET"]}}],"collection":[{"href":"https:\/\/www.best-dentist-dentistry.com\/de\/wp-json\/wp\/v2\/posts"}],"about":[{"href":"https:\/\/www.best-dentist-dentistry.com\/de\/wp-json\/wp\/v2\/types\/post"}],"author":[{"embeddable":true,"href":"https:\/\/www.best-dentist-dentistry.com\/de\/wp-json\/wp\/v2\/users\/1"}],"replies":[{"embeddable":true,"href":"https:\/\/www.best-dentist-dentistry.com\/de\/wp-json\/wp\/v2\/comments?post=25952"}],"version-history":[{"count":0,"href":"https:\/\/www.best-dentist-dentistry.com\/de\/wp-json\/wp\/v2\/posts\/25952\/revisions"}],"wp:attachment":[{"href":"https:\/\/www.best-dentist-dentistry.com\/de\/wp-json\/wp\/v2\/media?parent=25952"}],"wp:term":[{"taxonomy":"category","embeddable":true,"href":"https:\/\/www.best-dentist-dentistry.com\/de\/wp-json\/wp\/v2\/categories?post=25952"},{"taxonomy":"post_tag","embeddable":true,"href":"https:\/\/www.best-dentist-dentistry.com\/de\/wp-json\/wp\/v2\/tags?post=25952"}],"curies":[{"name":"wp","href":"https:\/\/api.w.org\/{rel}","templated":true}]}}