{"id":26072,"date":"2012-11-21T02:29:04","date_gmt":"2012-11-21T02:29:04","guid":{"rendered":null},"modified":"-0001-11-30T00:00:00","modified_gmt":"-0001-11-30T00:00:00","slug":"the-conference-of-fao-in-baku-will-face-the-issue-of-obesity-in-europe","status":"publish","type":"post","link":"https:\/\/www.best-dentist-dentistry.com\/de\/the-conference-of-fao-in-baku-will-face-the-issue-of-obesity-in-europe\/26072","title":{"rendered":"the conference of fao in baku will face the issue of obesity in europe"},"content":{"rendered":"<p>&#8220;<\/p>\n<p class=\"first\"> Rom, 17 Apr (EFE).-Ministern und hohen Beamten der europ\u00e4ischen Treffen am 28. regionale Konferenz der FAO f\u00fcr Europa die n\u00e4chsten 19 und 20. April in Baku (Aserbaidschan), um die Probleme von Futtermitteln zu bew\u00e4ltigen und in diesen L\u00e4ndern sind vor allem im Zusammenhang mit der Ern\u00e4hrung und erh\u00f6hter Fettleibigkeit.<\/p>\n<p>bei Konferenz der Organisation der Vereinten Nationen f\u00fcr Ern\u00e4hrung und Landwirtschaft (FAO) f\u00fcr Europa und Zentralasien, die alle zwei Jahre stattfindet, diskutieren \u00fcber Fragen der Ern\u00e4hrungssicherheit, Landwirtschaft, Fischerei und W\u00e4lder, berichtet heute die Agentur.<\/p>\n<p>FAO ist sehr aktiv gegen den Hunger in der Welt, aber in diesen L\u00e4ndern&#8221; \u00c4nderungen in der Produktion und Essgewohnheiten wird Unterern\u00e4hrung nicht besorgniserregend &#8220;von was das Hauptthema werden&#8221;die ern\u00e4hrungsbedingten Krankheiten erscheinen als ein Problem der \u00f6ffentlichen Gesundheit&#8221;, zeigt eine Notiz des Organismus.<\/p>\n<p>&#8220;Zu Adresse anderen Themen geh\u00f6ren die Art und Weise steigern den Ertrag von Getreide in Osteuropa und im Zusammenhang mit der \u00f6kologischen Nachhaltigkeit der Landwirtschaft&#8221;, hat der FAO.<\/p>\n<p>in einem der Dokumente der FAO gescannt werden, erkl\u00e4rt, wie die Entwicklung in den kommenden Jahren in Europa der&#8221;R\u00fcckgang des Verbrauchs von Getreide zugunsten einer h\u00f6heren Verbrauch von Fleisch und Milchprodukten&#8221;ist.<\/p>\n<p>&#8220;diese \u00c4nderung der macht, trat zu den schon recht hohen di\u00e4tetischen Energieversorgung wird die Pr\u00e4valenz von \u00dcbergewicht und Adipositas und folglich die Di\u00e4t Krankheiten erh\u00f6hen&#8221;, f\u00fcgt das Dokument.<\/p>\n<p>Projektionen der Preise von Fettleibigkeit in 2030 und 2050, nach dem Dokument,&#8221; zeigen, dass Risiko Determinanten der der &#8221; erh\u00f6hte Preise der Sterblichkeit durch nicht \u00fcbertragbare Krankheiten in den \u00e4rmsten L\u00e4ndern bel\u00e4uft sich auf Ebenen, die noch nie gesehen, heute in den L\u00e4ndern der Europ\u00e4ischen Union (EU).<\/p>\n<p>Jos\u00e9 Graziano da Silva, die Konferenz \u00f6ffnet mit der Intervention der Generaldirektor der FAO. EFE<\/p>\n","protected":false},"excerpt":{"rendered":"<p>&#8220; Rom, 17 Apr (EFE).-Ministern und hohen Beamten der europ\u00e4ischen Treffen am 28. regionale Konferenz der FAO f\u00fcr Europa die n\u00e4chsten 19 und 20. April in Baku (Aserbaidschan), um die Probleme von Futtermitteln zu bew\u00e4ltigen und in diesen L\u00e4ndern sind vor allem im Zusammenhang mit der Ern\u00e4hrung und erh\u00f6hter Fettleibigkeit. bei Konferenz der Organisation der [&hellip;]<\/p>\n","protected":false},"author":1,"featured_media":0,"comment_status":"close","ping_status":"open","sticky":false,"template":"","format":"standard","meta":{"footnotes":""},"categories":[3],"tags":[],"class_list":["post-26072","post","type-post","status-publish","format-standard","hentry","category-allgemeine","et-doesnt-have-format-content","et_post_format-et-post-format-standard"],"_links":{"self":[{"href":"https:\/\/www.best-dentist-dentistry.com\/de\/wp-json\/wp\/v2\/posts\/26072","targetHints":{"allow":["GET"]}}],"collection":[{"href":"https:\/\/www.best-dentist-dentistry.com\/de\/wp-json\/wp\/v2\/posts"}],"about":[{"href":"https:\/\/www.best-dentist-dentistry.com\/de\/wp-json\/wp\/v2\/types\/post"}],"author":[{"embeddable":true,"href":"https:\/\/www.best-dentist-dentistry.com\/de\/wp-json\/wp\/v2\/users\/1"}],"replies":[{"embeddable":true,"href":"https:\/\/www.best-dentist-dentistry.com\/de\/wp-json\/wp\/v2\/comments?post=26072"}],"version-history":[{"count":0,"href":"https:\/\/www.best-dentist-dentistry.com\/de\/wp-json\/wp\/v2\/posts\/26072\/revisions"}],"wp:attachment":[{"href":"https:\/\/www.best-dentist-dentistry.com\/de\/wp-json\/wp\/v2\/media?parent=26072"}],"wp:term":[{"taxonomy":"category","embeddable":true,"href":"https:\/\/www.best-dentist-dentistry.com\/de\/wp-json\/wp\/v2\/categories?post=26072"},{"taxonomy":"post_tag","embeddable":true,"href":"https:\/\/www.best-dentist-dentistry.com\/de\/wp-json\/wp\/v2\/tags?post=26072"}],"curies":[{"name":"wp","href":"https:\/\/api.w.org\/{rel}","templated":true}]}}