{"id":26086,"date":"2012-11-21T02:33:04","date_gmt":"2012-11-21T02:33:04","guid":{"rendered":null},"modified":"-0001-11-30T00:00:00","modified_gmt":"-0001-11-30T00:00:00","slug":"the-medical-union-of-the-comunitat-valenciana-studied-a-possible-strike-in-public-health","status":"publish","type":"post","link":"https:\/\/www.best-dentist-dentistry.com\/de\/the-medical-union-of-the-comunitat-valenciana-studied-a-possible-strike-in-public-health\/26086","title":{"rendered":"the medical union of the comunitat valenciana studied a possible strike in public health"},"content":{"rendered":"<p class=\"first\"> VALENCIA, 28 (EUROPA PRESS)<\/p>\n<p>die medizinische Vereinigung der Comunitat Valenciana (CESM-CV) entsteht, wenn ein Streik in der Gesundheit f\u00fcr alle &#8220;in der Verteidigung der Rechte der \u00c4rzte, Arbeiter und B\u00fcrger zu einer allgemeinen Gesundheit&#8221; ver\u00f6ffentlicht. auch Fragen der Gesundheit anderer Gewerkschaften eine \u00e4hnliche Ma\u00dfnahme.<\/p>\n<p>CESM-CV, als es hat wurde in darauf hingewiesen ein Kommuniqu\u00e9. Standby &#8220;Ablehnung&#8221; des Ministeriums f\u00fcr Gesundheit \u00fcber die Aktionen der Consell und sein Vizepr\u00e4sident, Jos\u00e9 C\u00edscar f\u00fcr &#8220;andere Entscheidungen verschiedener&#8221;.<\/p>\n<p>medizinische Union trat Demonstrationen in der Verteidigung des Staates der Wohlfahrt und \u00d6ffentlichkeit Service: an diesem Sonntag stattfinden und appellierte an alle \u00c4rzte, damit sie auch hinzugef\u00fcgt werden k\u00f6nnen.<\/p>\n<p>&#8220;nach den j\u00fcngsten Angriffen auf das nationale System der&#8221; Gesundheit (SNS), die Rechte der B\u00fcrger und der Angeh\u00f6rigen der Gesundheitsberufe &#8220;, CESM-CV h\u00e4lt&#8221;unbedingt alle Gesundheitswesen Gewerkschaften vereinigt werden, um zu verhindern den Abbau der Gesundheit ver\u00f6ffentlicht&#8221;&#8221; nationale Dekret und dem Consell gestrigen drastische Reaktion, stellen wesentliche Entscheidungen hat unterstrich.<\/p>\n<p>auch als Mitglied des Cemsatse, hat es die Demonstration forderte am 10. Mai in allen Krankenh\u00e4usern gegen Ma\u00dfnahmen der Ausschnitt. verbunden<\/p>\n<p>&#8220;macht R\u00fcckkehr Jahrzehnte&#8221;<\/p>\n<p>als Mitglied der F\u00f6deration der Gewerkschaften der Bildung und Gesundheit (FSES), CESM-CV prangerte &#8220;die R\u00fcckkehr zur Situationen bereits vor Jahrzehnten \u00fcberwunden betreffend die Garantie der Grundrechte der B\u00fcrger&#8221;. hat auch kritisiert &#8220;die absolute Verachtung von den Beh\u00f6rden mit der Arbeitsrechte der \u00c4rzte und Beamte im allgemeinen angezeigt wird&#8221;.<\/p>\n<p> &lt; p &#8220;&gt; &#8220;\u00c4ndern, Zeitpl\u00e4ne und Verg\u00fctungssysteme, unterdr\u00fcckte Berufsgruppen sind von einem Tag zum anderen, hat all dies, ohne einen mit den Sozialpartnern Dialog, Tarifverhandlungen zensiert.<\/p>\n<p>in dieser Zeile, der Beschuldigten versteht, dass es war&#8221; nicht zul\u00e4ssig ist, unser Land wieder das aktuelle Sozialmodell im ersten Drittel des letzten Jahrhunderts durch Unf\u00e4higkeit oder b\u00f6ser Absicht unsere Herrscher.<\/p>\n<p>f\u00fcr diese Entit\u00e4t, &#8220;zerst\u00f6ren unsere nationalen Gesundheitssystems l\u00f6st nicht die Probleme ihrer Finanzierung&#8221;. wurde auch hinzugef\u00fcgt: &#8220;nicht ist imposant \u00c4rzte Verworfenheit in Ablehnung des Gesundheitswesens f\u00fcr bestimmte Gruppen als auch f\u00fcr die Verschreibung von Medikamenten wie es geht sein Engagement mit jeder Art von Reform zu erreichen&#8221;.<\/p>\n<p>&#8220;ist nicht Aufgabe der der&#8221; hat der &#8220;Gesundheitsexperten definieren Einwanderungspolitik oder viel weniger entstehen Unterlassung der Erleichterung einer Person Hilfe. Nein erfordert die Geiseln noch die Komplizen der erratischen Politik folgen k\u00f6nnen in diesem Bereich&#8221;, unterstrich.<\/p>\n<p>CESM-CV \u00e4u\u00dferte seine Verteidigung &rsquo;rechts neben alle Spanier, durch die blo\u00dfe Tatsache, dass eine Gesundheitsversorgung Qualit\u00e4t dem Haushalt des Staates und ohne diskriminierende Zuzahlungen finanziert erhalten&rsquo;.<\/p>\n<p>in dieser Hinsicht ist der Auffassung, &#8220;generiert eine Verschlechterung im Gesundheitswesen als ein Recht der Staatsangeh\u00f6rigkeit, da das System durch progressive Besteuerung, in der diese finanziert wird, die bereits mehr, diejenigen beitragen, die mehr&#8221; zur pharmazeutischen basierend auf die Bereitstellung von Einkommen beitragen.<\/p>\n<p>gut, versteht, dass zum Zeitpunkt der der Hilfe, &#8220;wirtschaftlichen Zugang zu Dienstleistungen der Geschlechter sollte herrschen, denn es ein Garant f\u00fcr sozialen Zusammenhalt ist: gibt es nicht reich oder arm, beim Zugang zum Gesundheitswesen aber freier und gleicher B\u00fcrger&#8221;.<\/p>\n<p>CESM-CV hat darauf bestanden, dass der Consell &#8220;ist einen schweren und irreversiblen Fehler machen, durch die Weigerung, eine L\u00f6sung auf das Dekret von K\u00fcrzungen zu verhandeln, die alle Angestellte des \u00f6ffentlichen Dienstes auferlegt hat und nun zus\u00e4tzlich &#8211; hinzugef\u00fcgt &#8211; Gesundheit ohne Z\u00e4hlung mit der sektoralen Tabelle und das Ignorieren der Arbeitnehmer sch\u00fctzen.<\/p>\n","protected":false},"excerpt":{"rendered":"<p>VALENCIA, 28 (EUROPA PRESS) die medizinische Vereinigung der Comunitat Valenciana (CESM-CV) entsteht, wenn ein Streik in der Gesundheit f\u00fcr alle &#8220;in der Verteidigung der Rechte der \u00c4rzte, Arbeiter und B\u00fcrger zu einer allgemeinen Gesundheit&#8221; ver\u00f6ffentlicht. auch Fragen der Gesundheit anderer Gewerkschaften eine \u00e4hnliche Ma\u00dfnahme. CESM-CV, als es hat wurde in darauf hingewiesen ein Kommuniqu\u00e9. Standby [&hellip;]<\/p>\n","protected":false},"author":1,"featured_media":0,"comment_status":"close","ping_status":"open","sticky":false,"template":"","format":"standard","meta":{"footnotes":""},"categories":[3],"tags":[],"class_list":["post-26086","post","type-post","status-publish","format-standard","hentry","category-allgemeine","et-doesnt-have-format-content","et_post_format-et-post-format-standard"],"_links":{"self":[{"href":"https:\/\/www.best-dentist-dentistry.com\/de\/wp-json\/wp\/v2\/posts\/26086","targetHints":{"allow":["GET"]}}],"collection":[{"href":"https:\/\/www.best-dentist-dentistry.com\/de\/wp-json\/wp\/v2\/posts"}],"about":[{"href":"https:\/\/www.best-dentist-dentistry.com\/de\/wp-json\/wp\/v2\/types\/post"}],"author":[{"embeddable":true,"href":"https:\/\/www.best-dentist-dentistry.com\/de\/wp-json\/wp\/v2\/users\/1"}],"replies":[{"embeddable":true,"href":"https:\/\/www.best-dentist-dentistry.com\/de\/wp-json\/wp\/v2\/comments?post=26086"}],"version-history":[{"count":0,"href":"https:\/\/www.best-dentist-dentistry.com\/de\/wp-json\/wp\/v2\/posts\/26086\/revisions"}],"wp:attachment":[{"href":"https:\/\/www.best-dentist-dentistry.com\/de\/wp-json\/wp\/v2\/media?parent=26086"}],"wp:term":[{"taxonomy":"category","embeddable":true,"href":"https:\/\/www.best-dentist-dentistry.com\/de\/wp-json\/wp\/v2\/categories?post=26086"},{"taxonomy":"post_tag","embeddable":true,"href":"https:\/\/www.best-dentist-dentistry.com\/de\/wp-json\/wp\/v2\/tags?post=26086"}],"curies":[{"name":"wp","href":"https:\/\/api.w.org\/{rel}","templated":true}]}}