{"id":26169,"date":"2012-11-21T03:11:44","date_gmt":"2012-11-21T03:11:44","guid":{"rendered":null},"modified":"-0001-11-30T00:00:00","modified_gmt":"-0001-11-30T00:00:00","slug":"the-arctic-ice-sheet-marked-a-new-record-of-recoil-in-september","status":"publish","type":"post","link":"https:\/\/www.best-dentist-dentistry.com\/de\/the-arctic-ice-sheet-marked-a-new-record-of-recoil-in-september\/26169","title":{"rendered":"Des arktischen Eisschildes markiert einen neuen Rekordwert von R\u00fccksto\u00df im September"},"content":{"rendered":"<p class=\"first\"> Genf, 21 Sep (EFE).-des arktischen Eisschildes markiert einen neuen Rekord f\u00fcr Kick des letzten Tages 16 auf 3,41 Millionen Quadratkilometern, die minimalen Umfang aufgenommen, da die Weltraumsatelliten begann 1979 nachverfolgt werden.<\/p>\n<p>der World Meteorological Organization (WMO) heute erleichtert diese Daten vom National Center von Schnee und Eis der Vereinigten Staaten, die berichtet, dass nach diesen Mindestbetrag Eis wieder erh\u00f6hte im Bereich von der bevorstehenden Ankunft im Herbst<\/p>\n<p>die WMO sagte, dass die Figur des 16. September ist noch vorl\u00e4ufig und muss mit anderen Quellen gegen\u00fcbergestellt werden, aber er betonte, dass er einen &#8220;Besorgnis erregend&#8221; Trend zeigt, das \u00fcbertrifft die negativsten Prognosen von Meteorologen auf Datum.<\/p>\n<p>Mindestfl\u00e4che erreicht in diesem Jahr von El Hielo \u00c1rtico es 760.000 Kil\u00f3metros Cuadrados minderwertigen a la del R\u00e9cord Previo Adresse Por Sat\u00e9lite el 18 de Septiembre de 2007 y Est\u00e1 un 49 % Por Debajo De La Medien Registrada Entre 1979 y 2000.<\/p>\n<p>La Diferencia Entre Este A\u00f1o y el A\u00f1o Pasado Equivale a la Desaparici\u00f3n de Una Extensi\u00f3n Como las de Espa\u00f1a y el Reino Unido Juntas, o a la del Estado de Texas, Seg\u00fan la OMM.<\/p>\n<p>Gesamt, Hasta de Este Mes Se Derritieron 11,83 Millones de Kil\u00f3metros Cuadrados de Hielo Desde el M\u00e1ximo del A\u00f1o, Alcanzado el 20 de Marzo, lo Que Supone Tambi\u00e9n la B\u00fcrgermeister perte de Extensi\u00f3n de Hielo de un Verano Desde Que Comenzaron Los Registros, Superando de un Mill\u00f3n de Kil\u00f3metros Cuadrados (Dos Veces el Tama\u00f1o de Espa\u00f1a) a la de 2011.<\/p>\n<p>de Conferencia de Prensa, el Experto De La OMM de la Regi\u00f3n \u00c1rtica, Vlad\u00edmir Riabinin, Manifest\u00f3 Que Pese eine lo &#8220;Alarmante&#8221; de Los Datos &#8220;Realmente \u00c4ra lo Que Esper\u00e1bamos&#8221;.<\/p>\n<p>&#8220;&#8221;What we are observing in the Arctic is really dramatic. are faced with a warming and a pace of melting which are connected, since much more hielo melts more heat there is in the atmosphere&#8221;, said Riabinin media press.<\/p>\n<p>with this trend, and even though the weather projection models depend on numerous factors, WMO expert predicted that &#8220;in a matter of decades&#8221; the Arctic ice sheet will be &#8220;a phenomenon of season, which in the months of August and September minimum amounts of ice will be achieved&#8221;.<\/p>\n<p>Riabinin admitted that the scientific community underestimated the pace of destruction of the Arctic ice cap in recent years and attributed scientific models were not developed enough to deal with numerous variables and complex.<\/p>\n<p>for this reason, did not want to put a date to the eventual demise of the layer Arctic in the months of summer.<\/p>\n<p>the Expert auch wies auf den Niedergang der Dicke und die B\u00e4nde des Eisschildes, &#8220;Was hat bedeutete, dass wir Datens\u00e4tze nacheinander in den vergangenen drei Jahren geschlagen haben&#8221;.<\/p>\n<p>Riabinin erinnerte daran, dass die Arktis fungiert als ein Ger\u00e4t der Klimaanlage auf der n\u00f6rdlichen Hemisph\u00e4re, so ist es unvermeidlich, dass ihre Variationen auf das Klima auswirken, aber das erkl\u00e4rt &#8220;Dies bedeutet nicht, dass alle Gebiete des Planeten einheitlich erw\u00e4rmt &rsquo;.<\/p>\n<p>&#8221; in der Tat, Verringerung der Gr\u00f6\u00dfe der Eisschild k\u00f6nnte zu mehr Wetterextreme, intensiver Winter kalten Wellen und intensiver Hitzewellen im Sommer &#8220;, sagte er. EFE<\/p>\n","protected":false},"excerpt":{"rendered":"<p>Genf, 21 Sep (EFE).-des arktischen Eisschildes markiert einen neuen Rekord f\u00fcr Kick des letzten Tages 16 auf 3,41 Millionen Quadratkilometern, die minimalen Umfang aufgenommen, da die Weltraumsatelliten begann 1979 nachverfolgt werden. der World Meteorological Organization (WMO) heute erleichtert diese Daten vom National Center von Schnee und Eis der Vereinigten Staaten, die berichtet, dass nach diesen [&hellip;]<\/p>\n","protected":false},"author":1,"featured_media":0,"comment_status":"close","ping_status":"open","sticky":false,"template":"","format":"standard","meta":{"footnotes":""},"categories":[3],"tags":[36807,36806],"class_list":["post-26169","post","type-post","status-publish","format-standard","hentry","category-allgemeine","tag-eisschildes","tag-laktoferrin","et-doesnt-have-format-content","et_post_format-et-post-format-standard"],"_links":{"self":[{"href":"https:\/\/www.best-dentist-dentistry.com\/de\/wp-json\/wp\/v2\/posts\/26169","targetHints":{"allow":["GET"]}}],"collection":[{"href":"https:\/\/www.best-dentist-dentistry.com\/de\/wp-json\/wp\/v2\/posts"}],"about":[{"href":"https:\/\/www.best-dentist-dentistry.com\/de\/wp-json\/wp\/v2\/types\/post"}],"author":[{"embeddable":true,"href":"https:\/\/www.best-dentist-dentistry.com\/de\/wp-json\/wp\/v2\/users\/1"}],"replies":[{"embeddable":true,"href":"https:\/\/www.best-dentist-dentistry.com\/de\/wp-json\/wp\/v2\/comments?post=26169"}],"version-history":[{"count":0,"href":"https:\/\/www.best-dentist-dentistry.com\/de\/wp-json\/wp\/v2\/posts\/26169\/revisions"}],"wp:attachment":[{"href":"https:\/\/www.best-dentist-dentistry.com\/de\/wp-json\/wp\/v2\/media?parent=26169"}],"wp:term":[{"taxonomy":"category","embeddable":true,"href":"https:\/\/www.best-dentist-dentistry.com\/de\/wp-json\/wp\/v2\/categories?post=26169"},{"taxonomy":"post_tag","embeddable":true,"href":"https:\/\/www.best-dentist-dentistry.com\/de\/wp-json\/wp\/v2\/tags?post=26169"}],"curies":[{"name":"wp","href":"https:\/\/api.w.org\/{rel}","templated":true}]}}