{"id":26171,"date":"2012-11-21T03:11:56","date_gmt":"2012-11-21T03:11:56","guid":{"rendered":null},"modified":"-0001-11-30T00:00:00","modified_gmt":"-0001-11-30T00:00:00","slug":"mato-a-provincial-presidents-of-the-pp-reforms-in-health-and-dependence-are-the-basis-of-the-welfare-of-tomorrow","status":"publish","type":"post","link":"https:\/\/www.best-dentist-dentistry.com\/de\/mato-a-provincial-presidents-of-the-pp-reforms-in-health-and-dependence-are-the-basis-of-the-welfare-of-tomorrow\/26171","title":{"rendered":"mato a provincial presidents of the pp reforms in health and dependence are the basis of the welfare of tomorrow"},"content":{"rendered":"<p class=\"first\"> MADRID, 21 (EUROPA PRESS)<\/p>\n<p>eine Nachricht des Vertrauens mit den Reformen, die von der zentralen Exekutive durchgef\u00fchrt werden, weil sie &#8220;funktionieren&#8221; und &#8220;weiter&#8221; hat der Minister f\u00fcr Gesundheit, soziale Dienste und Geschlechter, Ana Mato, der provinziellen Pr\u00e4sidenten der PP verschoben.<\/p>\n<p>&#8220;die Anstrengungen, die wir heute machen sind die Grundlage f\u00fcr das Wohlergehen von morgen,&#8221; sagte der Inhaber der Gesundheit der provinziellen Pr\u00e4sidenten der PP w\u00e4hrend einer Besprechung Freitag erkl\u00e4ren im Detail die Reformen auf dem Gebiet der Gesundheit und Abh\u00e4ngigkeit, sowie die ersten Ergebnisse der gleichen durchgef\u00fchrt.<\/p>\n<p>in seiner Rede an die Pr\u00e4sidenten Mato hat zugegeben, die &#8220;Zeiten, die uns ber\u00fchrt hat Regeln sind sehr hart&#8221; aber erinnerte das &#8220;Breite Mandat&#8221; f\u00fcr die B\u00fcrger der Regierung &#8220;, die Reformen, die Spanien muss zu bringen&#8221;. &#8220;Und dieses Mandat weiter heute mehr denn je&#8221; hat eine Apostille.<\/p>\n<p>der Minister wurde im Wert von Gesundheitsreform und die Abh\u00e4ngigkeit seiner Abteilung durchgef\u00fchrt hat und das, wie Sie markiert haben, &#8220;zulassen&#8221;, um die Nachhaltigkeit des Sozialsystems und seine wichtigsten \u00f6ffentlichen Dienstleistungen zu erreichen, weil Wetten &#8220;auf die Qualit\u00e4t, Effizienz, Kosteneinsparungen und Rationalisierung&#8221;.<\/p>\n<p>in Gesundheit, hat Pfarrer betont, dass die Reform &#8220;niemand unbeaufsichtigt sein&#8221;, auch wenn Sie nicht berechtigt, den Status des Versicherten erhalten und hat auch Auswirkungen in diesem Zusicherung dar\u00fcber hinaus zum ersten Mal eine einzelne Datenbank auf nationaler Ebene, erstellt, hat die es erm\u00f6glicht hat, erkennen von Unregelm\u00e4\u00dfigkeiten.<\/p>\n<p>nach der Berufung auf die neue &#8220;Arzneimittelpolitik&#8221;gerechtere&#8221;Inbetriebnahme, Mato hat betont, gibt es immer noch wichtig, sich zu setzen und in diesem Sinne bezeichnet hat, Personalpolitik,&#8221;die kehren seine Rolle der Kernenergie in den national Health System Gesundheitsberufe&#8221;.<\/p>\n<p>schlie\u00dflich hat Auswirkungen auf die Absicht der Regierung, das Leistungsportfolio des nationalen Systems der Gesundheit, zu \u00fcberpr\u00fcfen welche die Regierung die Verpflichtung nicht zur Gesundheitsversorgung in das Portfolio an Dienstleistungen Praxisgeb\u00fchr Einf\u00fchrung erf\u00fcllt hat und darauf hingewiesen, dass diese Reform sicherstellen, dass die Beitr\u00e4ge der Nutzer in allen Spanien sind.<\/p>\n<p>betreffend das Gesetz Abh\u00e4ngigkeit Mato hat betont, dass es konfiguriert&#8221; eine Modell viel mehr gerechte und solidarische, abruft und unterstreicht das gro\u00dfe Netzwerk von sozialen Diensten, die mit dem Gesetz an den Rand gedr\u00e4ngt worden war beabsichtigt, das Ziel der Schaffung von Arbeitspl\u00e4tzen wiederherstellen &rsquo;.<\/p>\n<p>die Gesundheit des Inhabers auch verwies auf andere Politiken entwickelt seit seiner Abteilung zwischen denen nannte er das Design der einen strategischen Plan f\u00fcr die Jugend, Initiativen zur F\u00f6rderung der Gleichheit der Chancen und der Bek\u00e4mpfung geschlechtsspezifischer Gewalt, die in diesem Jahr hat die Leben von 33 Frauen behauptet.<\/p>\n","protected":false},"excerpt":{"rendered":"<p>MADRID, 21 (EUROPA PRESS) eine Nachricht des Vertrauens mit den Reformen, die von der zentralen Exekutive durchgef\u00fchrt werden, weil sie &#8220;funktionieren&#8221; und &#8220;weiter&#8221; hat der Minister f\u00fcr Gesundheit, soziale Dienste und Geschlechter, Ana Mato, der provinziellen Pr\u00e4sidenten der PP verschoben. &#8220;die Anstrengungen, die wir heute machen sind die Grundlage f\u00fcr das Wohlergehen von morgen,&#8221; sagte [&hellip;]<\/p>\n","protected":false},"author":1,"featured_media":0,"comment_status":"close","ping_status":"open","sticky":false,"template":"","format":"standard","meta":{"footnotes":""},"categories":[3],"tags":[36807],"class_list":["post-26171","post","type-post","status-publish","format-standard","hentry","category-allgemeine","tag-eisschildes","et-doesnt-have-format-content","et_post_format-et-post-format-standard"],"_links":{"self":[{"href":"https:\/\/www.best-dentist-dentistry.com\/de\/wp-json\/wp\/v2\/posts\/26171","targetHints":{"allow":["GET"]}}],"collection":[{"href":"https:\/\/www.best-dentist-dentistry.com\/de\/wp-json\/wp\/v2\/posts"}],"about":[{"href":"https:\/\/www.best-dentist-dentistry.com\/de\/wp-json\/wp\/v2\/types\/post"}],"author":[{"embeddable":true,"href":"https:\/\/www.best-dentist-dentistry.com\/de\/wp-json\/wp\/v2\/users\/1"}],"replies":[{"embeddable":true,"href":"https:\/\/www.best-dentist-dentistry.com\/de\/wp-json\/wp\/v2\/comments?post=26171"}],"version-history":[{"count":0,"href":"https:\/\/www.best-dentist-dentistry.com\/de\/wp-json\/wp\/v2\/posts\/26171\/revisions"}],"wp:attachment":[{"href":"https:\/\/www.best-dentist-dentistry.com\/de\/wp-json\/wp\/v2\/media?parent=26171"}],"wp:term":[{"taxonomy":"category","embeddable":true,"href":"https:\/\/www.best-dentist-dentistry.com\/de\/wp-json\/wp\/v2\/categories?post=26171"},{"taxonomy":"post_tag","embeddable":true,"href":"https:\/\/www.best-dentist-dentistry.com\/de\/wp-json\/wp\/v2\/tags?post=26171"}],"curies":[{"name":"wp","href":"https:\/\/api.w.org\/{rel}","templated":true}]}}