{"id":26176,"date":"2012-11-21T03:13:18","date_gmt":"2012-11-21T03:13:18","guid":{"rendered":null},"modified":"-0001-11-30T00:00:00","modified_gmt":"-0001-11-30T00:00:00","slug":"study-associated-with-active-and-passive-smoking-with-memory-problems","status":"publish","type":"post","link":"https:\/\/www.best-dentist-dentistry.com\/de\/study-associated-with-active-and-passive-smoking-with-memory-problems\/26176","title":{"rendered":"Studie im Zusammenhang mit aktiven und passiven Rauchen mit Ged\u00e4chtnisst\u00f6rungen"},"content":{"rendered":"<p class=\"first\"> NUEVA YORK (Reuters Health) &#8211; ein Los Fumadores, Tanto Activos<\/p>\n<p>Como Pasivos, Les Cuesta M\u00e1s Recordar Actividades Pendientes Que<\/p>\n<p>Quienes keine Est\u00e1n Expuestos al Humo de Tabaco.<\/p>\n<p>Los Problemas de Memoria prospec-kein S\u00f3lo Sohn Molestos<\/p>\n<p>Cuando Una Persona Olvida la Reuni\u00f3n con Amigos, Sino Que<\/p>\n<p>Tambi\u00e9n Pueden Tener Consecuencias M\u00e1s Gr\u00e4ber, Como nicht Tomar un<\/p>\n<p>Medicamento, Seg\u00fan Explica un Equipo Ingl\u00e9s de la Revista<\/p>\n<p>sucht.<\/p>\n<p>El Estudio keine Prueba Que el Humo Da\u00f1e la Memoria, Pero S\u00ed<\/p>\n<p>Que es un Motivo de Preocupaci\u00f3n.<\/p>\n<p>&#8220;Ampl\u00eda lo Que ya Sabemos Sobre Los Efectos del Tabaquismo y<\/p>\n<p>el Humo de Segunda Mano: Sugiere Que Tambi\u00e9n Afecta la Funci\u00f3n<\/p>\n<p>Cognitiva&#8221;, Dijo Tom Heffernan, Autor wichtigsten del Estudio, de<\/p>\n<p>La Northumbria University, Newcastle dt.<\/p>\n<p>El Equipo de Heffernan Reuni\u00f3 ein Fumadores 27, 24 Personas<\/p>\n<p>con regelm\u00e4\u00dfige Exposition gegen\u00fcber second-hand Rauch und 28 Menschen<\/p>\n<p>, dass sie nie erlitten solche Belichtung, entweder erste oder<\/p>\n<p>Sekundenzeiger. waren alle zwischen 18 und 30 Jahren<\/p>\n<p>Autoren bewertet sie mit potenziellen Speicher Test<\/p>\n<p>von Cambridge, die tempor\u00e4re, enth\u00e4lt als \u00dcbungen zur\u00fcck<\/p>\n<p>Schlagschrauber Forscher bei sieben Minuten, vor und<\/p>\n<p>situative, \u00dcbungen und geben den Schl\u00fcssel zu h\u00f6ren,<\/p>\n<p>einige Word.<\/p>\n<p>Jeder Teilnehmer erhielt Punkte im Austausch f\u00fcr seine Leistung,<\/p>\n<p>nach der Anzahl der Mahnungen verwendet. Resultate<\/p>\n<p>wurden zwischen Null und 18 Punkte pro Pr\u00fcfung; um h\u00f6here Punktzahl<\/p>\n<p>gr\u00f6\u00dfere Speicher.<\/p>\n<p>in tempor\u00e4re, Sportger\u00e4te hat man festgestellt<\/p>\n<p>statistisch signifikanten Unterschied zwischen den Gruppen: die<\/p>\n<p><p>Teilnehmer ohne Exposition gegen\u00fcber Tabakrauch waren 16,3<\/p>\n<p>Punkten, w\u00e4hrend Passivrauchen 13,7 erreichten<\/p>\n<p> Punkte und aktive Raucher, 11,6 Punkte.<\/p>\n<p>situative Tests, Teilnehmer ohne<\/p>\n<p>Ausstellung zur\u00fcckgegeben, um aktive Raucher, aber nicht zu \u00fcberwinden<\/p>\n<p>sowohl f\u00fcr die Verbindlichkeiten<\/p>\n<p>ist unbekannt, die genaue Bedeutung und Ursachen dieser<\/p>\n<p>Ergebnisse im Leben Real. und w\u00e4hrend die Studie schl\u00e4gt vor die<\/p>\n<p>Existenz einer Beziehung zwischen Rauchen und die Probleme<\/p>\n<p>des Ged\u00e4chtnisses, Heffernan gewarnt, dass es eine einzelne Studie.<\/p>\n<p>&#8220;Wir sollten es mit anderen Methoden, replizieren&#8221;, sagte er zu Reuters Health.<\/p>\n<p> &lt; p&gt; Quelle: Sucht, online August 2012<\/p>\n","protected":false},"excerpt":{"rendered":"<p>NUEVA YORK (Reuters Health) &#8211; ein Los Fumadores, Tanto Activos Como Pasivos, Les Cuesta M\u00e1s Recordar Actividades Pendientes Que Quienes keine Est\u00e1n Expuestos al Humo de Tabaco. Los Problemas de Memoria prospec-kein S\u00f3lo Sohn Molestos Cuando Una Persona Olvida la Reuni\u00f3n con Amigos, Sino Que Tambi\u00e9n Pueden Tener Consecuencias M\u00e1s Gr\u00e4ber, Como nicht Tomar un [&hellip;]<\/p>\n","protected":false},"author":1,"featured_media":0,"comment_status":"close","ping_status":"open","sticky":false,"template":"","format":"standard","meta":{"footnotes":""},"categories":[3],"tags":[36814,36813],"class_list":["post-26176","post","type-post","status-publish","format-standard","hentry","category-allgemeine","tag-gedchtnisstrungen","tag-passiven","et-doesnt-have-format-content","et_post_format-et-post-format-standard"],"_links":{"self":[{"href":"https:\/\/www.best-dentist-dentistry.com\/de\/wp-json\/wp\/v2\/posts\/26176","targetHints":{"allow":["GET"]}}],"collection":[{"href":"https:\/\/www.best-dentist-dentistry.com\/de\/wp-json\/wp\/v2\/posts"}],"about":[{"href":"https:\/\/www.best-dentist-dentistry.com\/de\/wp-json\/wp\/v2\/types\/post"}],"author":[{"embeddable":true,"href":"https:\/\/www.best-dentist-dentistry.com\/de\/wp-json\/wp\/v2\/users\/1"}],"replies":[{"embeddable":true,"href":"https:\/\/www.best-dentist-dentistry.com\/de\/wp-json\/wp\/v2\/comments?post=26176"}],"version-history":[{"count":0,"href":"https:\/\/www.best-dentist-dentistry.com\/de\/wp-json\/wp\/v2\/posts\/26176\/revisions"}],"wp:attachment":[{"href":"https:\/\/www.best-dentist-dentistry.com\/de\/wp-json\/wp\/v2\/media?parent=26176"}],"wp:term":[{"taxonomy":"category","embeddable":true,"href":"https:\/\/www.best-dentist-dentistry.com\/de\/wp-json\/wp\/v2\/categories?post=26176"},{"taxonomy":"post_tag","embeddable":true,"href":"https:\/\/www.best-dentist-dentistry.com\/de\/wp-json\/wp\/v2\/tags?post=26176"}],"curies":[{"name":"wp","href":"https:\/\/api.w.org\/{rel}","templated":true}]}}