{"id":26232,"date":"2012-11-22T02:33:01","date_gmt":"2012-11-22T02:33:01","guid":{"rendered":null},"modified":"-0001-11-30T00:00:00","modified_gmt":"-0001-11-30T00:00:00","slug":"social-organizations-demanded-the-government-of-another-way-of-overcoming-the-crisis","status":"publish","type":"post","link":"https:\/\/www.best-dentist-dentistry.com\/de\/social-organizations-demanded-the-government-of-another-way-of-overcoming-the-crisis\/26232","title":{"rendered":"social organizations demanded the government of another way of overcoming the crisis"},"content":{"rendered":"<p class=\"first\"> Madrid, 29 Apr (EFE).-Tausende von Menschen sind heute auf der Stra\u00dfe im halben hundert von spanischen St\u00e4dten unter dem Motto &#8220;mit Gesundheit und Bildung nicht spielen&#8221;, sicherte der <span class=\"yshortcuts\" id=\"lw_1335718337_1\"> Regierung<\/span> f\u00fcr einen anderen Weg zur \u00dcberwindung der Wirtschaftskrise zu schreien und zu die S\u00e4ulen der <span class=\"yshortcuts\" id=\"lw_1335718337_4\"> Zustand des Wohlbefindens,<\/span> unabh\u00e4ngig von den Einstellungen.<\/p>\n<p>einberufen durch die soziale Plattform in Verteidigung der Sozialstaat und <span class=\"yshortcuts\" id=\"lw_1335718337_5\"> Daseinsvorsorge<\/span> &#8211; die Teil f\u00fcnfzig Gewerkschaften und soziale Organisationen &#8211; Demonstranten haben betont, dass die Ausgaben zur Aufrechterhaltung \u00f6ffentlicher Dienstleistungen ist die beste Investition, die getan werden, um die \u00dcberwindung der Krise.<\/p>\n<p>die Sprengschnur anf\u00e4ngliche Mobilisierung war die Einstellung von 10 Milliarden Euro in den Bereichen Gesundheit und Bildung, obwohl Kritik an den nachfolgenden Steuererh\u00f6hungen ausgeweitet haben, die in der Stellungnahme der Einberufung Organisationen besonders sch\u00e4dlich f\u00fcr das Kollektiv anf\u00e4lliger werden.<\/p>\n<p>der Ministerpr\u00e4sident Mariano Rajoy, hat die Ma\u00dfnahmen gerechtfertigt und hat daf\u00fcr gesorgt, dass es keine Alternative, f\u00fcr das Erbe erhielt von den Sozialisten, gebeten hat, dass sie anstatt zu kritisieren verstummen.<\/p>\n<p>aus den Reihen der PSOE, der Generalsekret\u00e4r der PSOE, Alfredo P\u00e9rez Rubalcaba, hat gefordert, dass Rajoy &#8220;aufh\u00f6ren, der letzte Mohikaner der Enthaltsamkeit&#8221;, denn es kann nicht der einzige europ\u00e4ische Herrscher, die die Einstellungen verteidigt, w\u00e4hrend Sie Sozialdienste Basic trimmen.<\/p>\n<p>die gr\u00f6\u00dfte Manifestation wurde which has been held in Madrid (40,000 people according to the conveners, 9,000 according to police), where the leaders of the two major trade unions, C\u00e1ndido M\u00e9ndez (UGT) and Ignacio Fern\u00e1ndez Toxo (CCOO), as well as leaders of the main opposition parties, among them the Secretary of organization of the PSOE, \u00d3scar L\u00f3pez, and the general coordinator of IU, Cayo Lara. have been present<\/p>\n<p>persistent rain and bad weather have accompanied many of the demonstrations that have been held in the some of the main Spanish cities, that have passed without incident, under the motto and the banner: &#8220;with health care and education is not played&#8221;.<\/p>\n<p>agreed upon by all the social and trade union organizations that integrate the Social platform in defence of the welfare State, the manifesto read the term poses &#8220;another way out of the crisis&#8221;.<\/p>\n<p>insists Manifesto in which the welfare state is based on the existence of public services &rsquo; quality, universal and accessible &#8220;and that public services are one of the most dynamic and generators of employment. productive sectors<\/p>\n<p>&#8220;hard clipping&#8221;checks off settings in services such as health, education or social services, and confirms that health and education are the best way to redistribute the wealth.<\/p>\n<p>platform has rejected formulas &rsquo;co-payments and repayments&rsquo; in health and denounced in addition that the Government is&#8221;leveraging&#8221;the crisis&#8221;as an excuse to impose its social model&#8221;.<\/p>\n<p>in Barcelona, the manifestation has summoned a thousand people, who have taken advantage to claim the freedom of three students and the trade unionist from CGT people arrested for riots during the general&rsquo;s March 20, strike and to launch slogans against the Minister of Interior of the Generalitat, Felip Puig.<\/p>\n<p>in Andalusia, the delegation of the Government has estimated 11,500 people participants in demonstrations developed in eight provincial capitals, figure that the unions have raised to 30,000.<\/p>\n<p>the most important was held in Malaga, where regional leaders of UGT and CCOO have participated and to which has been added also the Socialist leader and exministra of health Trinidad Jim\u00e9nez.<\/p>\n<p>in Valencia, protesters have focused their reviews on the &#8220;double cut&#8221; that they are suffering from the central Government and the autonomous, and they have warned that today will not be the last mobilization against the social settings.<\/p>\n<p>in Basque country, more than two thousand people demonstrated in the three capitals against the cuts of the Government in health and education under the slogan &#8220;so that they do not end up with everything&#8221; and with banners which expressed the defence of self-government Basque.<\/p>\n<p> < p&gt; Organisationen, die einen Protest aufgerufen haben, haben in 70.000 Demonstranten, die in neun galizischen St\u00e4dten auf die Stra\u00dfe genommen haben verschl\u00fcsselt worden und Castilla y Le\u00f3n der Regierung Delegierung hat berechnet, dass fast 15.000 Menschen die Protesten, in die Hauptst\u00e4dte der Provinz angeschlossen hatten.<\/p>\n<p>Demonstrationen traten auch bei Gij\u00f3n, wo 50.000, nach der Einberufung Organisationen Menschen; haben in f\u00fcnf St\u00e4dten Castellanomanchegas, in denen 15.000 Menschen nach den Ausstellungsst\u00e4nden &#8211; 3.500 nach der Delegation der Regierung-; getroffen, um die Stra\u00dfen protestiert in Santander, wo 8.000 Menschen, die nach den Ausstellungsst\u00e4nden oder in Logro\u00f1o, trafen sich in Marsch, die 4.000 Menschen laut Gewerkschaften, 1.900 nach der Polizei. einberufen hat<\/p>\n<p>gab es Demonstrationen auch in Badajoz und C\u00e1ceres, die 6.000 Menschen laut Gewerkschaften und 2.000 nach der Delegation der Regierung gesammelt haben, und in Murcia, wo die Ausstellungsst\u00e4nden den Protest in 5.000 B\u00fcrger, sowie verschl\u00fcsselt haben, wie in Zaragoza, Pamplona oder in Melilla.<\/p>\n","protected":false},"excerpt":{"rendered":"<p>Madrid, 29 Apr (EFE).-Tausende von Menschen sind heute auf der Stra\u00dfe im halben hundert von spanischen St\u00e4dten unter dem Motto &#8220;mit Gesundheit und Bildung nicht spielen&#8221;, sicherte der Regierung f\u00fcr einen anderen Weg zur \u00dcberwindung der Wirtschaftskrise zu schreien und zu die S\u00e4ulen der Zustand des Wohlbefindens, unabh\u00e4ngig von den Einstellungen. einberufen durch die soziale [&hellip;]<\/p>\n","protected":false},"author":1,"featured_media":0,"comment_status":"close","ping_status":"open","sticky":false,"template":"","format":"standard","meta":{"footnotes":""},"categories":[3],"tags":[],"class_list":["post-26232","post","type-post","status-publish","format-standard","hentry","category-allgemeine","et-doesnt-have-format-content","et_post_format-et-post-format-standard"],"_links":{"self":[{"href":"https:\/\/www.best-dentist-dentistry.com\/de\/wp-json\/wp\/v2\/posts\/26232","targetHints":{"allow":["GET"]}}],"collection":[{"href":"https:\/\/www.best-dentist-dentistry.com\/de\/wp-json\/wp\/v2\/posts"}],"about":[{"href":"https:\/\/www.best-dentist-dentistry.com\/de\/wp-json\/wp\/v2\/types\/post"}],"author":[{"embeddable":true,"href":"https:\/\/www.best-dentist-dentistry.com\/de\/wp-json\/wp\/v2\/users\/1"}],"replies":[{"embeddable":true,"href":"https:\/\/www.best-dentist-dentistry.com\/de\/wp-json\/wp\/v2\/comments?post=26232"}],"version-history":[{"count":0,"href":"https:\/\/www.best-dentist-dentistry.com\/de\/wp-json\/wp\/v2\/posts\/26232\/revisions"}],"wp:attachment":[{"href":"https:\/\/www.best-dentist-dentistry.com\/de\/wp-json\/wp\/v2\/media?parent=26232"}],"wp:term":[{"taxonomy":"category","embeddable":true,"href":"https:\/\/www.best-dentist-dentistry.com\/de\/wp-json\/wp\/v2\/categories?post=26232"},{"taxonomy":"post_tag","embeddable":true,"href":"https:\/\/www.best-dentist-dentistry.com\/de\/wp-json\/wp\/v2\/tags?post=26232"}],"curies":[{"name":"wp","href":"https:\/\/api.w.org\/{rel}","templated":true}]}}