{"id":26271,"date":"2012-11-22T02:39:23","date_gmt":"2012-11-22T02:39:23","guid":{"rendered":null},"modified":"-0001-11-30T00:00:00","modified_gmt":"-0001-11-30T00:00:00","slug":"german-prosecutor-confirms-arrest-of-founder-of-sea-shepherd-environmentalist","status":"publish","type":"post","link":"https:\/\/www.best-dentist-dentistry.com\/de\/german-prosecutor-confirms-arrest-of-founder-of-sea-shepherd-environmentalist\/26271","title":{"rendered":"german prosecutor confirms arrest of founder of sea shepherd environmentalist"},"content":{"rendered":"<p class=\"first\"> Berlin, 14. Mai (EFE).-La Staatsanwalt Deutschlands heute best\u00e4tigt die Verhaftung am Vortag in diesem Land des Gr\u00fcnders der Umweltsch\u00fctzer Organisation Sea Shepherd, die kanadische Kapit\u00e4n Paul Watson.<\/p>\n<p>Aktivisten, die einen internationalen Haftbefehl und Auslieferung nach Costa Rica, wiegt verhaftet wurde Sonntag bei der Ankunft am Flughafen in Frankfurt, sagte ein Sprecher der Staatsanwaltschaft im Bundesland von Hessen.<\/p>\n<p>f\u00fcgte hinzu, dass Watson Verletzung des maritimen Verkehrs in Guatemala Meeresgew\u00e4ssern in einen Vorfall aus dem Jahr 2002 angeklagt ist.<\/p>\n<p>costaricanische Beh\u00f6rden sagen, dass Waston bedroht und mit einer Canon auf ein Boot von Costa Rica, Grund durch die Nachfrage seiner Auslieferung angegriffen.<\/p>\n<p>Sea Shepherd sagte heute aus Australien, dass das angebliche Vergehen aufgetreten wenn Watson, bekannt f\u00fcr seine Kampagnen gegen den Walfang in der Antarktis, filmte den Dokumentarfilm &#8220;Sharkwaters&#8221;, einen ung\u00fcltigen Vorgang zum Extrahieren von Flossen von Haien verantwortlich f\u00fcr das Schiff der Costa-Ricanische Varadero. 2002<\/p>\n<p>&#8220;Im Auftrag der guatemaltekischen Beh\u00f6rden, Sea Shepherd gab Anweisungen der Besatzung von Varadero so dass sie ihre T\u00e4tigkeit einstellen und zur\u00fcck zum Hafen zu bew\u00e4ltigen, die Anklage gegen sie&#8221;, laut einer Pressemitteilung von der Organisation<\/p>\n<p>Wenn sie zum Schiff Costa Ricas in Richtung Hafen eskortieren waren, &#8220;es ver\u00e4ndert die Situation und ein Kanonenboot Guatemalas geschickt wurde, um die Crew von Sea Shepherd, abfangen&#8221;, sagt NGO. EFE<\/p>\n","protected":false},"excerpt":{"rendered":"<p>Berlin, 14. Mai (EFE).-La Staatsanwalt Deutschlands heute best\u00e4tigt die Verhaftung am Vortag in diesem Land des Gr\u00fcnders der Umweltsch\u00fctzer Organisation Sea Shepherd, die kanadische Kapit\u00e4n Paul Watson. Aktivisten, die einen internationalen Haftbefehl und Auslieferung nach Costa Rica, wiegt verhaftet wurde Sonntag bei der Ankunft am Flughafen in Frankfurt, sagte ein Sprecher der Staatsanwaltschaft im Bundesland [&hellip;]<\/p>\n","protected":false},"author":1,"featured_media":0,"comment_status":"close","ping_status":"open","sticky":false,"template":"","format":"standard","meta":{"footnotes":""},"categories":[3],"tags":[],"class_list":["post-26271","post","type-post","status-publish","format-standard","hentry","category-allgemeine","et-doesnt-have-format-content","et_post_format-et-post-format-standard"],"_links":{"self":[{"href":"https:\/\/www.best-dentist-dentistry.com\/de\/wp-json\/wp\/v2\/posts\/26271","targetHints":{"allow":["GET"]}}],"collection":[{"href":"https:\/\/www.best-dentist-dentistry.com\/de\/wp-json\/wp\/v2\/posts"}],"about":[{"href":"https:\/\/www.best-dentist-dentistry.com\/de\/wp-json\/wp\/v2\/types\/post"}],"author":[{"embeddable":true,"href":"https:\/\/www.best-dentist-dentistry.com\/de\/wp-json\/wp\/v2\/users\/1"}],"replies":[{"embeddable":true,"href":"https:\/\/www.best-dentist-dentistry.com\/de\/wp-json\/wp\/v2\/comments?post=26271"}],"version-history":[{"count":0,"href":"https:\/\/www.best-dentist-dentistry.com\/de\/wp-json\/wp\/v2\/posts\/26271\/revisions"}],"wp:attachment":[{"href":"https:\/\/www.best-dentist-dentistry.com\/de\/wp-json\/wp\/v2\/media?parent=26271"}],"wp:term":[{"taxonomy":"category","embeddable":true,"href":"https:\/\/www.best-dentist-dentistry.com\/de\/wp-json\/wp\/v2\/categories?post=26271"},{"taxonomy":"post_tag","embeddable":true,"href":"https:\/\/www.best-dentist-dentistry.com\/de\/wp-json\/wp\/v2\/tags?post=26271"}],"curies":[{"name":"wp","href":"https:\/\/api.w.org\/{rel}","templated":true}]}}