{"id":26273,"date":"2012-11-22T02:39:34","date_gmt":"2012-11-22T02:39:34","guid":{"rendered":null},"modified":"-0001-11-30T00:00:00","modified_gmt":"-0001-11-30T00:00:00","slug":"the-psoe-defends-the-legality-of-the-auction-and-regrets-that-the-government-legislates-against-andalusia","status":"publish","type":"post","link":"https:\/\/www.best-dentist-dentistry.com\/de\/the-psoe-defends-the-legality-of-the-auction-and-regrets-that-the-government-legislates-against-andalusia\/26273","title":{"rendered":"the psoe defends the legality of the auction and regrets that the government legislates against andalusia"},"content":{"rendered":"<p class=\"first\"> Huelva, 14. Mai (EFE).-der Sprecher der parlamentarischen Gruppe der PSOE, Mario Jim\u00e9nez, best\u00e4tigte heute die Rechtm\u00e4\u00dfigkeit der Auktion von Arzneimitteln von der Junta de Andaluc\u00eda und hat bedauert, dass die Zentralregierung &#8220;gegen diese autonome Gemeinschaft erlassen&#8221;.<\/p>\n<p>in Anweisungen Journalisten in Huelva, hat die Zulassung durch das Verfassungsgericht die Beschwerde der Regierung gegen die Entscheidung des Managements von der andalusischen Health Service (SAS), die lief die Auktion von Drogen. Jimenez genannt<\/p>\n<p>&#8220;stoppt nicht \u00fcberrascht, die diese Regierung einen Tag nach dem anderen gegen Andalusien, gegen die genannten Ma\u00dfnahmen kompetentere bei der Verteidigung der Rechte der Andalusier aus einer anderen Perspektive ergriffen&#8221;, wies Jimenez, auch unter Hinweis auf die Beschwerden gegen die Aufforderung zur Lehrer-offene Stellen und die Unvereinbarkeit von B\u00fcrgermeistern und Abgeordneten.<\/p>\n<p>die Medida De La Subasta de Medicamentos, ha Dicho, es &#8220;Legal, Constitucional, Perfectamente de posible Realizar y, Lo, Puede Suponer un Ahorro ein lo largo de Los Pr\u00f3ximos A\u00f1os de Unos 200 Millones de Euro Para el Sistema P\u00fablico de Salud de Andaluc\u00eda&#8221;.<\/p>\n<p>dagegen, ha Destacado Que Se Trata de Una Medida Que &#8220;Puede Significar Que de Andaluc\u00eda kein Heu Que Imponer el Copago ni a la Prestaci\u00f3n Sanitaria ni ein Los Medicamentos M\u00e1s All\u00e1 del Que a La Fuerza Quiere Imponer el Gobierno&#8221;.<\/p>\n<p>El Dirigente Socialista ha Calificado de &#8220;bedauerlichen&#8221; Que el Gobierno Quiera usar al Constitucional &#8220;Como un Ariete Contra el Gobierno De La Junta&#8221; y ha Recordado Que el Juzgado de lo Contencioso-Administrativo N\u00famero 7 de Sevilla ya Se ha Pronunciado Sobre Este Asunto D\u00e1ndole la Raz\u00f3n a la Junta.<\/p>\n<p>Por Ello, Se ha Mostrado Convencido de Que el Recurso &#8220;kein va eine Prosperar&#8221;, y ha Subrayado Que con Su Admisi\u00f3n ein Tr\u00e1mite el Constitucional &#8220;keine Prejuzga&#8221;.<\/p>\n<p>&#8220;&#8221;Wir glauben, dass es keine rechtliche Grundlage gibt noch administrative gegen diese Ma\u00dfnahme, sondern eine Opposition, die die Regierung tut weil die PP-A Desfondado ist, und es, dass Mariano Rajoy, der Pr\u00e4sident der Regierung scheint den Oppositionsf\u00fchrer der andalusischen und bedauerlich Regierung unter Ber\u00fccksichtigung der wirtschaftlichen Situation Arbeitslosigkeit werden will&#8221;, hat geschlossen.<\/p>\n","protected":false},"excerpt":{"rendered":"<p>Huelva, 14. Mai (EFE).-der Sprecher der parlamentarischen Gruppe der PSOE, Mario Jim\u00e9nez, best\u00e4tigte heute die Rechtm\u00e4\u00dfigkeit der Auktion von Arzneimitteln von der Junta de Andaluc\u00eda und hat bedauert, dass die Zentralregierung &#8220;gegen diese autonome Gemeinschaft erlassen&#8221;. in Anweisungen Journalisten in Huelva, hat die Zulassung durch das Verfassungsgericht die Beschwerde der Regierung gegen die Entscheidung des [&hellip;]<\/p>\n","protected":false},"author":1,"featured_media":0,"comment_status":"close","ping_status":"open","sticky":false,"template":"","format":"standard","meta":{"footnotes":""},"categories":[3],"tags":[],"class_list":["post-26273","post","type-post","status-publish","format-standard","hentry","category-allgemeine","et-doesnt-have-format-content","et_post_format-et-post-format-standard"],"_links":{"self":[{"href":"https:\/\/www.best-dentist-dentistry.com\/de\/wp-json\/wp\/v2\/posts\/26273","targetHints":{"allow":["GET"]}}],"collection":[{"href":"https:\/\/www.best-dentist-dentistry.com\/de\/wp-json\/wp\/v2\/posts"}],"about":[{"href":"https:\/\/www.best-dentist-dentistry.com\/de\/wp-json\/wp\/v2\/types\/post"}],"author":[{"embeddable":true,"href":"https:\/\/www.best-dentist-dentistry.com\/de\/wp-json\/wp\/v2\/users\/1"}],"replies":[{"embeddable":true,"href":"https:\/\/www.best-dentist-dentistry.com\/de\/wp-json\/wp\/v2\/comments?post=26273"}],"version-history":[{"count":0,"href":"https:\/\/www.best-dentist-dentistry.com\/de\/wp-json\/wp\/v2\/posts\/26273\/revisions"}],"wp:attachment":[{"href":"https:\/\/www.best-dentist-dentistry.com\/de\/wp-json\/wp\/v2\/media?parent=26273"}],"wp:term":[{"taxonomy":"category","embeddable":true,"href":"https:\/\/www.best-dentist-dentistry.com\/de\/wp-json\/wp\/v2\/categories?post=26273"},{"taxonomy":"post_tag","embeddable":true,"href":"https:\/\/www.best-dentist-dentistry.com\/de\/wp-json\/wp\/v2\/tags?post=26273"}],"curies":[{"name":"wp","href":"https:\/\/api.w.org\/{rel}","templated":true}]}}